{"id":51296,"date":"2023-02-05T12:42:00","date_gmt":"2023-02-05T18:42:00","guid":{"rendered":"http:\/\/www.zonaroja.com.mx\/?p=51296"},"modified":"2023-02-05T06:43:58","modified_gmt":"2023-02-05T12:43:58","slug":"incendios-en-chile-dejan-22-muertos-y-45-mil-hectareas-danadas","status":"publish","type":"post","link":"https:\/\/zonaroja.com.mx\/?p=51296","title":{"rendered":"Incendios en Chile dejan 22 muertos y 45 mil hect\u00e1reas da\u00f1adas"},"content":{"rendered":"\n<p>Redacci\u00f3n\/Zona Roja Cdmx.<\/p>\n\n\n\n<p>Ciudad de M\u00e9xico, a 5 de febrero de 2023.- Los incendios forestales que golpean la zona centro sur de Chile y que han afectado a numerosos poblados rurales dejan ya 22&nbsp;personas fallecidas, seg\u00fan el balance entregado el s\u00e1bado por las autoridades.<\/p>\n\n\n\n<p>El gobierno chileno inform\u00f3 este s\u00e1bado que el n\u00famero de personas que han perdido la vida en los incendios asciende a 22 y que hay por menos otros 16 heridos en estado \u201ccr\u00edtico\u00bb.<\/p>\n\n\n\n<p>\u00abTenemos en este momento un balance muy duro, muy doloroso de 22 personas fallecidas\u00bb, dijo la ministra del Interior, Carolina Toh\u00e1, quien alert\u00f3 de que \u00ablos n\u00fameros est\u00e1n cambiando cada minuto\u00bb y que la situaci\u00f3n es \u00abmuy compleja\u00bb.<\/p>\n\n\n\n<p>Las regiones m\u00e1s afectadas son \u00d1uble, Biob\u00edo y La Araucan\u00eda, zonas de intensa actividad agr\u00edcola y forestal ubicadas a 400, 500 y 700 kil\u00f3metros al sur de la capital, respectivamente, y donde el gobierno decret\u00f3 el Estado de Excepci\u00f3n Constitucional de Cat\u00e1strofe.<\/p>\n\n\n\n<p>Seg\u00fan el \u00faltimo reporte del Servicio Nacional de Prevenci\u00f3n y Respuesta ante Desastres (Senapred), del Ministerio del Interior, se han destruido m\u00e1s de 45 mil hect\u00e1reas y actualmente hay 251 incendios activos en todo el pa\u00eds, de los cuales 80 est\u00e1n en combate.&nbsp;<\/p>\n\n\n\n<p>Adem\u00e1s, cerca de mil 500 personas se encuentran refugiadas en una treintena de albergues y hay 554 heridos, de los cuales al menos 16 est\u00e1n en estado \u00abgrav\u00edsimo\u00bb, detall\u00f3 Toh\u00e1.<\/p>\n\n\n\n<p>\u00abEn la \u00faltima semana se ha quemado el equivalente a la superficie que se quema en un a\u00f1o normal completo\u00bb, asegur\u00f3 la ministra.<\/p>\n\n\n\n<p>(Informaci\u00f3n de la agencia AFP)<\/p>\n","protected":false},"excerpt":{"rendered":"<p>Redacci\u00f3n\/Zona Roja Cdmx. Ciudad de M\u00e9xico, a 5 de febrero de 2023.- Los incendios forestales&hellip;<\/p>\n","protected":false},"author":2,"featured_media":51293,"comment_status":"closed","ping_status":"open","sticky":false,"template":"","format":"standard","meta":{"_lmt_disableupdate":"","_lmt_disable":"","_jetpack_memberships_contains_paid_content":false,"footnotes":""},"categories":[109,47],"tags":[],"class_list":["post-51296","post","type-post","status-publish","format-standard","has-post-thumbnail","hentry","category-minuto-a-minuto","category-zona-gris"],"jetpack_featured_media_url":"https:\/\/zonaroja.com.mx\/wp-content\/uploads\/2023\/02\/Incendios-forestales-Chile.jpeg","jetpack_sharing_enabled":true,"_links":{"self":[{"href":"https:\/\/zonaroja.com.mx\/index.php?rest_route=\/wp\/v2\/posts\/51296","targetHints":{"allow":["GET"]}}],"collection":[{"href":"https:\/\/zonaroja.com.mx\/index.php?rest_route=\/wp\/v2\/posts"}],"about":[{"href":"https:\/\/zonaroja.com.mx\/index.php?rest_route=\/wp\/v2\/types\/post"}],"author":[{"embeddable":true,"href":"https:\/\/zonaroja.com.mx\/index.php?rest_route=\/wp\/v2\/users\/2"}],"replies":[{"embeddable":true,"href":"https:\/\/zonaroja.com.mx\/index.php?rest_route=%2Fwp%2Fv2%2Fcomments&post=51296"}],"version-history":[{"count":1,"href":"https:\/\/zonaroja.com.mx\/index.php?rest_route=\/wp\/v2\/posts\/51296\/revisions"}],"predecessor-version":[{"id":51297,"href":"https:\/\/zonaroja.com.mx\/index.php?rest_route=\/wp\/v2\/posts\/51296\/revisions\/51297"}],"wp:featuredmedia":[{"embeddable":true,"href":"https:\/\/zonaroja.com.mx\/index.php?rest_route=\/wp\/v2\/media\/51293"}],"wp:attachment":[{"href":"https:\/\/zonaroja.com.mx\/index.php?rest_route=%2Fwp%2Fv2%2Fmedia&parent=51296"}],"wp:term":[{"taxonomy":"category","embeddable":true,"href":"https:\/\/zonaroja.com.mx\/index.php?rest_route=%2Fwp%2Fv2%2Fcategories&post=51296"},{"taxonomy":"post_tag","embeddable":true,"href":"https:\/\/zonaroja.com.mx\/index.php?rest_route=%2Fwp%2Fv2%2Ftags&post=51296"}],"curies":[{"name":"wp","href":"https:\/\/api.w.org\/{rel}","templated":true}]}}