{"id":51300,"date":"2023-02-05T11:53:00","date_gmt":"2023-02-05T17:53:00","guid":{"rendered":"http:\/\/www.zonaroja.com.mx\/?p=51300"},"modified":"2023-02-05T07:13:58","modified_gmt":"2023-02-05T13:13:58","slug":"reanudara-protestas-puente-madera-contra-corredor-interoceanico","status":"publish","type":"post","link":"https:\/\/zonaroja.com.mx\/?p=51300","title":{"rendered":"Reanudar\u00e1 protestas Puente Madera contra Corredor Interoce\u00e1nico"},"content":{"rendered":"\n<p>Ismael Garc\u00eda M.\/Zona Roja.<\/p>\n\n\n\n<p>Oaxaca de Ju\u00e1rez, Oax., a 5 de febrero de 2023.- Tras el conflicto del 17 de enero, en que fue detenido y luego negociada la liberaci\u00f3n de su dirigente David Hern\u00e1ndez, la Asamblea de Pueblos Ind\u00edgenas del Istmo en Defensa de la Tierra y el Territorio (APIDTT) volver\u00e1 a manifestarse el pr\u00f3ximo 9 de febrero en jurisdicci\u00f3n de Puente Madera, San Blas Atempa.<\/p>\n\n\n\n<p>Lo anterior con la finalidad de mantener su protesta en contra de los proyectos del Corredor Interoce\u00e1nico y ahora tambi\u00e9n en rechazo a las declaraciones del gobernador Salom\u00f3n Jara, que califica su lucha como un conflicto interno por las tierras.<\/p>\n\n\n\n<p>En un comunicado, la asociaci\u00f3n civil indic\u00f3 que la actividad del pr\u00f3ximo jueves iniciar\u00e1 a partir de las 10:00 horas en solidaridad con la lucha de los pueblos, comunidades, ejidos, colonias y habitantes del Istmo de Tehuantepec, con la consigna: \u00a1Con la sangre de los pueblos no hay transformaci\u00f3n ni primavera!.<\/p>\n\n\n\n<p>Recrimin\u00f3 que el pasado lunes 30 de enero, el titular del Poder Ejecutivo estatal haya declarado en su conferencia de prensa que es un \u201cconflicto interno por posesi\u00f3n de tierras de los Bienes Comunales de San Blas Atempa\u201d y que las tierras para un corredor industrial ya fueron adquiridos por el Gobierno del Estado.<\/p>\n\n\n\n<p>A trav\u00e9s de un comunicado la asamblea asegur\u00f3 que \u201cno es conflicto interno, se llama imposici\u00f3n y despojo\u201d y exige su derecho a r\u00e9plica ante las recientes declaraciones, pues la Asamblea de Pueblos y la comunidad Puente Madera han sufrido de constantes ataques y diversas formas de criminalizaci\u00f3n de su lucha por la defensa de la tierra ante la imposici\u00f3n del corredor Interoce\u00e1nico.&nbsp;<\/p>\n\n\n\n<p>Detall\u00f3 que desde el a\u00f1o 2021 los integrantes de la asociaci\u00f3n civil ha afrontado diversos hechos de violencia desde el 2021 por parte de la Marina y el Gobierno Federal.<\/p>\n\n\n\n<p>Mencion\u00f3 que son al menos 23 actos de criminalizaci\u00f3n e intimidaci\u00f3n en los \u00faltimos dos a\u00f1os; tan solo en lo que va 2023 han registrado cuatro acciones en contra de la asamblea.<\/p>\n\n\n\n<p>Una de ellas el pasado 17 de enero en que detuvieron a su dirigente David Hern\u00e1ndez, en que tras ello bloquearon la carretera Panamericana, a la altura de Puente Madera, donde adem\u00e1s quemaron una unidad de motor e impidieron el paso de una treintena de turistas franceses y tras lo cual la Secretar\u00eda de Gobierno y la Fiscal\u00eda General aceptaron negociar la liberaci\u00f3n del aprehendido.<\/p>\n","protected":false},"excerpt":{"rendered":"<p>Ismael Garc\u00eda M.\/Zona Roja. Oaxaca de Ju\u00e1rez, Oax., a 5 de febrero de 2023.- Tras&hellip;<\/p>\n","protected":false},"author":2,"featured_media":51302,"comment_status":"closed","ping_status":"open","sticky":false,"template":"","format":"standard","meta":{"_lmt_disableupdate":"","_lmt_disable":"","_jetpack_memberships_contains_paid_content":false,"footnotes":""},"categories":[109,47],"tags":[3400],"class_list":["post-51300","post","type-post","status-publish","format-standard","has-post-thumbnail","hentry","category-minuto-a-minuto","category-zona-gris","tag-puente-madera-san-blas-atempa"],"jetpack_featured_media_url":"https:\/\/zonaroja.com.mx\/wp-content\/uploads\/2023\/02\/Marcha-Puente-Madera-San-Blas.jpg","jetpack_sharing_enabled":true,"_links":{"self":[{"href":"https:\/\/zonaroja.com.mx\/index.php?rest_route=\/wp\/v2\/posts\/51300","targetHints":{"allow":["GET"]}}],"collection":[{"href":"https:\/\/zonaroja.com.mx\/index.php?rest_route=\/wp\/v2\/posts"}],"about":[{"href":"https:\/\/zonaroja.com.mx\/index.php?rest_route=\/wp\/v2\/types\/post"}],"author":[{"embeddable":true,"href":"https:\/\/zonaroja.com.mx\/index.php?rest_route=\/wp\/v2\/users\/2"}],"replies":[{"embeddable":true,"href":"https:\/\/zonaroja.com.mx\/index.php?rest_route=%2Fwp%2Fv2%2Fcomments&post=51300"}],"version-history":[{"count":1,"href":"https:\/\/zonaroja.com.mx\/index.php?rest_route=\/wp\/v2\/posts\/51300\/revisions"}],"predecessor-version":[{"id":51303,"href":"https:\/\/zonaroja.com.mx\/index.php?rest_route=\/wp\/v2\/posts\/51300\/revisions\/51303"}],"wp:featuredmedia":[{"embeddable":true,"href":"https:\/\/zonaroja.com.mx\/index.php?rest_route=\/wp\/v2\/media\/51302"}],"wp:attachment":[{"href":"https:\/\/zonaroja.com.mx\/index.php?rest_route=%2Fwp%2Fv2%2Fmedia&parent=51300"}],"wp:term":[{"taxonomy":"category","embeddable":true,"href":"https:\/\/zonaroja.com.mx\/index.php?rest_route=%2Fwp%2Fv2%2Fcategories&post=51300"},{"taxonomy":"post_tag","embeddable":true,"href":"https:\/\/zonaroja.com.mx\/index.php?rest_route=%2Fwp%2Fv2%2Ftags&post=51300"}],"curies":[{"name":"wp","href":"https:\/\/api.w.org\/{rel}","templated":true}]}}