{"id":51304,"date":"2023-02-05T11:10:00","date_gmt":"2023-02-05T17:10:00","guid":{"rendered":"http:\/\/www.zonaroja.com.mx\/?p=51304"},"modified":"2023-02-05T07:47:02","modified_gmt":"2023-02-05T13:47:02","slug":"por-creciente-violencia-en-oaxaca-diputados-exhorta-a-gobernador-promover-la-paz","status":"publish","type":"post","link":"https:\/\/zonaroja.com.mx\/?p=51304","title":{"rendered":"Por creciente violencia en Oaxaca, diputados exhorta a gobernador promover la paz"},"content":{"rendered":"\n<p>Yuridiana Sosa\/Zona Roja.<\/p>\n\n\n\n<p>Oaxaca de Ju\u00e1rez, Oax., a 5 de febrero de 2023.- La incesante y creciente violencia en Oaxaca fue motivo por el que el Congreso del Estado de Oaxaca aprob\u00f3 un exhorto para que el gobierno de Oaxaca act\u00fae a favor de la paz ciudadana.<\/p>\n\n\n\n<p>Durante la sesi\u00f3n ordinaria del 1 de febrero, la 65 Legislatura aval\u00f3 un exhorto al titular de la Secretar\u00eda de Seguridad y Protecci\u00f3n Ciudadana, Iv\u00e1n Garc\u00eda \u00c1lvarez, y a los ayuntamientos del estado para que, dentro de sus competencias, garanticen la paz social a trav\u00e9s de la prevenci\u00f3n del delito, especialmente los de portaci\u00f3n y disparo de arma de fuego que lacera a la sociedad oaxaque\u00f1a.<\/p>\n\n\n\n<p>El dictamen con proyecto de acuerdo de la Comisi\u00f3n Permanente de Seguridad y Protecci\u00f3n Ciudadana obtuvo 32 votos a favor.<\/p>\n\n\n\n<p>Pues hasta el momento, el plan de seguridad del nuevo gobierno estatal, en el que supuestamente existe una coordinaci\u00f3n con las autoridades de seguridad del orden federal como la Marina y la Guardia Nacional han surtido efecto.<\/p>\n\n\n\n<p>OAXACA ROJO<\/p>\n\n\n\n<p>El m\u00e1s reciente hecho violento registrado en Oaxaca ocurri\u00f3 este s\u00e1bado en el municipio de San Miguel Soyaltepec en la regi\u00f3n de la Cuenca, donde cuatro integrantes de una familia, entre ellos una mujer, fueron acribillados en su domicilio.<\/p>\n\n\n\n<p>Pero, 24 horas antes, otros dos eventos se registraron en la regi\u00f3n de Valles Centrales. El primero en el municipio de Tlalixtac de Cabrera, conurbado a la capital.<\/p>\n\n\n\n<p>El saldo fue de una persona asesinada con arma de fuego alrededor de las 09:00 horas la entrada del pante\u00f3n; el cuerpo presentaba huellas de tortura y una cuerda atada al cuello. La v\u00edctima fue reportada como desaparecida horas antes del crimen.<\/p>\n\n\n\n<p>Mientras que el cuerpo sin vida de hombre m\u00e1s fue localizado en una carretera local que conduce a San Dionisio Ocotepec con Ocotl\u00e1n de Morelos, el cual presentaba huellas de tortura, con las orejas arrancadas, heridas en cuello y t\u00f3rax, y aparentemente fue arrastrado por varios metros.<\/p>\n\n\n\n<p>No obstante, en el transcurso de esta semana, tambi\u00e9n han ocurrido hechos violentos en las regiones de la Mixteca y la Costa, con el saldo de una persona muerta y un asalto violento a una unidad repartidora, respectivamente.<\/p>\n\n\n\n<p>URGE CAPACITACI\u00d3N POLICIAL<\/p>\n\n\n\n<p>El pleno del Congreso de Oaxaca aprob\u00f3 un segundo dictamen dirigido a la Secretar\u00eda de Seguridad y Protecci\u00f3n Ciudadana de Oaxaca.<\/p>\n\n\n\n<p>En este punto de acuerdo tambi\u00e9n se exhorta a la Defensor\u00eda de los Derechos Humanos del Pueblo de Oaxaca (DDHPO), para que, en el \u00e1mbito de sus atribuciones, y de manera coordinada con los 570 presidentes municipales de la entidad brinden capacitaci\u00f3n a los polic\u00edas.<\/p>\n\n\n\n<p>El proyecto de acuerdo de la Comisi\u00f3n Permanente de Seguridad y Protecci\u00f3n Ciudadana fue aprobado con 31 votos.<\/p>\n","protected":false},"excerpt":{"rendered":"<p>Yuridiana Sosa\/Zona Roja. Oaxaca de Ju\u00e1rez, Oax., a 5 de febrero de 2023.- La incesante&hellip;<\/p>\n","protected":false},"author":2,"featured_media":51305,"comment_status":"closed","ping_status":"open","sticky":false,"template":"","format":"standard","meta":{"_lmt_disableupdate":"","_lmt_disable":"","_jetpack_memberships_contains_paid_content":false,"footnotes":""},"categories":[109,47],"tags":[2743],"class_list":["post-51304","post","type-post","status-publish","format-standard","has-post-thumbnail","hentry","category-minuto-a-minuto","category-zona-gris","tag-65-legislatura-del-estado-de-oaxaca"],"jetpack_featured_media_url":"https:\/\/zonaroja.com.mx\/wp-content\/uploads\/2023\/02\/Familia-asesinada-mujer-San-Miguel-Soyaltepec.jpg","jetpack_sharing_enabled":true,"_links":{"self":[{"href":"https:\/\/zonaroja.com.mx\/index.php?rest_route=\/wp\/v2\/posts\/51304","targetHints":{"allow":["GET"]}}],"collection":[{"href":"https:\/\/zonaroja.com.mx\/index.php?rest_route=\/wp\/v2\/posts"}],"about":[{"href":"https:\/\/zonaroja.com.mx\/index.php?rest_route=\/wp\/v2\/types\/post"}],"author":[{"embeddable":true,"href":"https:\/\/zonaroja.com.mx\/index.php?rest_route=\/wp\/v2\/users\/2"}],"replies":[{"embeddable":true,"href":"https:\/\/zonaroja.com.mx\/index.php?rest_route=%2Fwp%2Fv2%2Fcomments&post=51304"}],"version-history":[{"count":1,"href":"https:\/\/zonaroja.com.mx\/index.php?rest_route=\/wp\/v2\/posts\/51304\/revisions"}],"predecessor-version":[{"id":51306,"href":"https:\/\/zonaroja.com.mx\/index.php?rest_route=\/wp\/v2\/posts\/51304\/revisions\/51306"}],"wp:featuredmedia":[{"embeddable":true,"href":"https:\/\/zonaroja.com.mx\/index.php?rest_route=\/wp\/v2\/media\/51305"}],"wp:attachment":[{"href":"https:\/\/zonaroja.com.mx\/index.php?rest_route=%2Fwp%2Fv2%2Fmedia&parent=51304"}],"wp:term":[{"taxonomy":"category","embeddable":true,"href":"https:\/\/zonaroja.com.mx\/index.php?rest_route=%2Fwp%2Fv2%2Fcategories&post=51304"},{"taxonomy":"post_tag","embeddable":true,"href":"https:\/\/zonaroja.com.mx\/index.php?rest_route=%2Fwp%2Fv2%2Ftags&post=51304"}],"curies":[{"name":"wp","href":"https:\/\/api.w.org\/{rel}","templated":true}]}}