{"id":51311,"date":"2023-02-05T08:47:00","date_gmt":"2023-02-05T14:47:00","guid":{"rendered":"http:\/\/www.zonaroja.com.mx\/?p=51311"},"modified":"2023-02-05T07:59:30","modified_gmt":"2023-02-05T13:59:30","slug":"cuatro-anos-despues-no-hay-justicia-para-mariela-saidi-y-gobierno-cierra-puertas","status":"publish","type":"post","link":"https:\/\/zonaroja.com.mx\/?p=51311","title":{"rendered":"Cuatro a\u00f1os despu\u00e9s no hay justicia para Mariela Saidi\u2026 y gobierno cierra puertas"},"content":{"rendered":"\n<p>Ismael Garc\u00eda M.\/Zona Roja.<\/p>\n\n\n\n<p>Oaxaca de Ju\u00e1rez, OAx., a 5 de febrero de 2023.- A casi cuatro a\u00f1os del feminicidio de Mariela Saidi, a\u00fan no hay justicia. Y el gobierno de Oaxaca le cerr\u00f3 las puertas dos veces en una semana a la familia.<\/p>\n\n\n\n<p>Ayer por la tarde, familiares y colectivos efectuaron una marcha que parti\u00f3 de la fuente de las Ocho Regiones y culmin\u00f3 en el z\u00f3calo de la capital; en el transcurso pegaron carteles y efectuaron pintas en bardas de inmuebles.<\/p>\n\n\n\n<p>Pero por la noche, al llegar frente al Palacio de Gobierno, ya lo esperaban decenas de polic\u00edas municipales y estatales, que rodearon la sede del Poder Ejecutivo, a fin de impedir el paso de quienes exigen justicia por la joven asesinada el 19 de mayo de 2019 en la capital del estado.<\/p>\n\n\n\n<p>\u201cEl nuevo gobierno de Salom\u00f3n Jara no quiere escucharnos, nos dio con la puerta en las narices, estamos hablando de feminicidios, no es cualquier cosa, la situaci\u00f3n es grave, los oaxaque\u00f1os no merecemos vivir esta situaci\u00f3n, ni pasar por este peregrinar cuando pedimos justicia\u201d, acus\u00f3 la se\u00f1ora Elizabeth Hern\u00e1ndez Dom\u00ednguez, madre de Mariela M\u00e9ndez Hern\u00e1ndez.<\/p>\n\n\n\n<p>\u201cSolo atendieron a los familiares de las personas desaparecidas, y los feminicidios han aumentado a partir de que \u00e9l lleg\u00f3, nosotras tenemos el derecho de ser escuchados y atendidos. Ni el secretario de Gobierno, Jes\u00fas Romero, quiso atendernos, nos cerr\u00f3 las puertas\u201d, sostuvo en entrevista previa.<\/p>\n\n\n\n<p>Inform\u00f3 que el 9 de febrero se realizar\u00e1 la audiencia contra J. Domingo, el presunto agresor de la joven, la \u00faltima donde se determinar\u00e1 su situaci\u00f3n jur\u00eddica, sin embargo, familiares de la v\u00edctima han se\u00f1alado que autoridades buscan reconfigurar el delito para que pueda obtener su libertad.&nbsp;<\/p>\n\n\n\n<p>\u201cSabemos que est\u00e1n metidas las manos de sus familiares, que en aquel momento trabajaban en la Fiscal\u00eda (General del Estado), el se\u00f1or Francisco Toledo M\u00e9ndez fue secretario particular de Alejandro Magno, en el sexenio de Alejandro Murat; esa es nuestra preocupaci\u00f3n, que las cosas las manejen a su modo\u201d, dijo la madre de la v\u00edctima.<\/p>\n\n\n\n<p>Mariela Saidi, de 27 a\u00f1os de edad, era bi\u00f3loga y fue fundadora del colectivo de youtubers oaxaque\u00f1os \u201c\u00a1Qu\u00e9 pari\u00f3!\u201d.<\/p>\n\n\n\n<p>Fue hallada sin vida el 19 de mayo de 2019 en el departamento de J. Domingo, quien era su pareja sentimental y su presunto agresor.<\/p>\n\n\n\n<p>\u201cQue la justicia sea derecha\u201d, remarc\u00f3 la se\u00f1ora Elizabeth, quien dijo que ella localiz\u00f3 el cuerpo de su hija en el departamento de su ex pareja, quien hab\u00eda huido.<\/p>\n\n\n\n<p>Fue en octubre pasado en que intentaron reclasificar el delito, lo cual no lograron los abogados y familiares de la defensa.<\/p>\n\n\n\n<figure class=\"wp-block-embed is-type-rich is-provider-twitter wp-block-embed-twitter\"><div class=\"wp-block-embed__wrapper\">\n<div class=\"twitter-tweet\"><blockquote class=\"twitter-tweet\" data-lang=\"es\"><p lang=\"es\" dir=\"ltr\">3. La madre de Mariela lament\u00f3 que a casi cuatro a\u00f1os, el feminicidio siga en la impunidad y hasta personal de la <a href=\"https:\/\/twitter.com\/FISCALIA_GobOax?ref_src=twsrc%5Etfw\">@FISCALIA_GobOax<\/a> de haya coludido para ello. <a href=\"https:\/\/t.co\/argHkw9WbG\">pic.twitter.com\/argHkw9WbG<\/a><\/p>&mdash; Zona Roja Oaxaca (@ZonaRoja_Oaxaca) <a href=\"https:\/\/twitter.com\/ZonaRoja_Oaxaca\/status\/1622065642516914176?ref_src=twsrc%5Etfw\">5 de febrero de 2023<\/a><\/blockquote><\/div>\n<\/div><\/figure>\n","protected":false},"excerpt":{"rendered":"<p>Ismael Garc\u00eda M.\/Zona Roja. Oaxaca de Ju\u00e1rez, OAx., a 5 de febrero de 2023.- A&hellip;<\/p>\n","protected":false},"author":2,"featured_media":51308,"comment_status":"closed","ping_status":"open","sticky":false,"template":"","format":"standard","meta":{"_lmt_disableupdate":"","_lmt_disable":"","_jetpack_memberships_contains_paid_content":false,"footnotes":""},"categories":[109,47],"tags":[3425],"class_list":["post-51311","post","type-post","status-publish","format-standard","has-post-thumbnail","hentry","category-minuto-a-minuto","category-zona-gris","tag-mariela-saidi-mariela-mendez-hernandez"],"jetpack_featured_media_url":"https:\/\/zonaroja.com.mx\/wp-content\/uploads\/2023\/02\/Justicia-femiicidio-Mariela.jpg","jetpack_sharing_enabled":true,"_links":{"self":[{"href":"https:\/\/zonaroja.com.mx\/index.php?rest_route=\/wp\/v2\/posts\/51311","targetHints":{"allow":["GET"]}}],"collection":[{"href":"https:\/\/zonaroja.com.mx\/index.php?rest_route=\/wp\/v2\/posts"}],"about":[{"href":"https:\/\/zonaroja.com.mx\/index.php?rest_route=\/wp\/v2\/types\/post"}],"author":[{"embeddable":true,"href":"https:\/\/zonaroja.com.mx\/index.php?rest_route=\/wp\/v2\/users\/2"}],"replies":[{"embeddable":true,"href":"https:\/\/zonaroja.com.mx\/index.php?rest_route=%2Fwp%2Fv2%2Fcomments&post=51311"}],"version-history":[{"count":1,"href":"https:\/\/zonaroja.com.mx\/index.php?rest_route=\/wp\/v2\/posts\/51311\/revisions"}],"predecessor-version":[{"id":51312,"href":"https:\/\/zonaroja.com.mx\/index.php?rest_route=\/wp\/v2\/posts\/51311\/revisions\/51312"}],"wp:featuredmedia":[{"embeddable":true,"href":"https:\/\/zonaroja.com.mx\/index.php?rest_route=\/wp\/v2\/media\/51308"}],"wp:attachment":[{"href":"https:\/\/zonaroja.com.mx\/index.php?rest_route=%2Fwp%2Fv2%2Fmedia&parent=51311"}],"wp:term":[{"taxonomy":"category","embeddable":true,"href":"https:\/\/zonaroja.com.mx\/index.php?rest_route=%2Fwp%2Fv2%2Fcategories&post=51311"},{"taxonomy":"post_tag","embeddable":true,"href":"https:\/\/zonaroja.com.mx\/index.php?rest_route=%2Fwp%2Fv2%2Ftags&post=51311"}],"curies":[{"name":"wp","href":"https:\/\/api.w.org\/{rel}","templated":true}]}}