{"id":51313,"date":"2023-02-05T11:59:00","date_gmt":"2023-02-05T17:59:00","guid":{"rendered":"http:\/\/www.zonaroja.com.mx\/?p=51313"},"modified":"2023-02-05T15:38:30","modified_gmt":"2023-02-05T21:38:30","slug":"pend-24","status":"publish","type":"post","link":"https:\/\/zonaroja.com.mx\/?p=51313","title":{"rendered":"Domingo rojo en Oaxaca: tres homicidios y agresi\u00f3n a una mujer"},"content":{"rendered":"\n<p>Ismael Garc\u00eda M.\/Zona Roja.<\/p>\n\n\n\n<p>Oaxaca de Ju\u00e1rez, Oax., 5 de febrero de 2023.- Tres personas fueron asesinadas este domingo en Oaxaca, mientras que una mujer fue agredida con violencia y posteriormente hospitalizada.<\/p>\n\n\n\n<p>Esta tarde, en un domicilio de la calle Corregidora esquina con Constituci\u00f3n, en Santa Mar\u00eda Atzompa, municipio conurbado a la capital, fue hallado un cuerpo sin vida, con huellas de violencia.<\/p>\n\n\n\n<p>De manera preliminar se inform\u00f3 que se trata del se\u00f1or Carlos, de 79 a\u00f1os de edad, y se presume que se trata de un homicidio doloso.<\/p>\n\n\n\n<p>En Santiago Tamazola, regi\u00f3n del Istmo, otra persona del sexo masculino fue asesinada a balazos, y cuya identidad a\u00fan se desconoce.<\/p>\n\n\n\n<p>Mientras que durante la ma\u00f1ana en Santa Mar\u00eda Mixtequilla, municipio de la regi\u00f3n del Istmo de Tehuantepec, un individuo fue asesinado a balazos.<\/p>\n\n\n\n<p>El crimen se perpetr\u00f3 en el parque p\u00fablico de la localidad y la v\u00edctima fue identificada de manera preliminar como Arley \u201cN\u201d; presenta varios impactos de arma de fuego y a un costado del cuerpo se localiz\u00f3 un machete.<\/p>\n\n\n\n<p>Mientras que en la comunidad de Palomares, municipio de Mat\u00edas Romero Avenda\u00f1o, fue localizada una mujer severamente golpeada cerca de la carretera Trans\u00edstmica, en el acceso a la colonia Emiliano Zapata.<\/p>\n\n\n\n<p>Fue trasladada a un hospital de la cabecera municipal donde convalece y presenta m\u00faltiples golpes en el cuerpo y en la cara; hasta el momento no ha sido identificada.<\/p>\n","protected":false},"excerpt":{"rendered":"<p>Ismael Garc\u00eda M.\/Zona Roja. Oaxaca de Ju\u00e1rez, Oax., 5 de febrero de 2023.- Tres personas&hellip;<\/p>\n","protected":false},"author":2,"featured_media":51319,"comment_status":"closed","ping_status":"open","sticky":false,"template":"","format":"standard","meta":{"_lmt_disableupdate":"","_lmt_disable":"","_jetpack_memberships_contains_paid_content":false,"footnotes":""},"categories":[109,51],"tags":[2138],"class_list":["post-51313","post","type-post","status-publish","format-standard","has-post-thumbnail","hentry","category-minuto-a-minuto","category-zona-roja","tag-santa-maria-mixtequilla"],"jetpack_featured_media_url":"https:\/\/zonaroja.com.mx\/wp-content\/uploads\/2023\/02\/Asesinado-Santa-Maria-Mixtequilla.jpg","jetpack_sharing_enabled":true,"_links":{"self":[{"href":"https:\/\/zonaroja.com.mx\/index.php?rest_route=\/wp\/v2\/posts\/51313","targetHints":{"allow":["GET"]}}],"collection":[{"href":"https:\/\/zonaroja.com.mx\/index.php?rest_route=\/wp\/v2\/posts"}],"about":[{"href":"https:\/\/zonaroja.com.mx\/index.php?rest_route=\/wp\/v2\/types\/post"}],"author":[{"embeddable":true,"href":"https:\/\/zonaroja.com.mx\/index.php?rest_route=\/wp\/v2\/users\/2"}],"replies":[{"embeddable":true,"href":"https:\/\/zonaroja.com.mx\/index.php?rest_route=%2Fwp%2Fv2%2Fcomments&post=51313"}],"version-history":[{"count":2,"href":"https:\/\/zonaroja.com.mx\/index.php?rest_route=\/wp\/v2\/posts\/51313\/revisions"}],"predecessor-version":[{"id":51320,"href":"https:\/\/zonaroja.com.mx\/index.php?rest_route=\/wp\/v2\/posts\/51313\/revisions\/51320"}],"wp:featuredmedia":[{"embeddable":true,"href":"https:\/\/zonaroja.com.mx\/index.php?rest_route=\/wp\/v2\/media\/51319"}],"wp:attachment":[{"href":"https:\/\/zonaroja.com.mx\/index.php?rest_route=%2Fwp%2Fv2%2Fmedia&parent=51313"}],"wp:term":[{"taxonomy":"category","embeddable":true,"href":"https:\/\/zonaroja.com.mx\/index.php?rest_route=%2Fwp%2Fv2%2Fcategories&post=51313"},{"taxonomy":"post_tag","embeddable":true,"href":"https:\/\/zonaroja.com.mx\/index.php?rest_route=%2Fwp%2Fv2%2Ftags&post=51313"}],"curies":[{"name":"wp","href":"https:\/\/api.w.org\/{rel}","templated":true}]}}