{"id":51315,"date":"2023-02-05T15:20:38","date_gmt":"2023-02-05T21:20:38","guid":{"rendered":"http:\/\/www.zonaroja.com.mx\/?p=51315"},"modified":"2023-02-05T15:20:40","modified_gmt":"2023-02-05T21:20:40","slug":"reconoce-diputada-lucha-del-frente-nacional-contra-la-violencia-vicaria","status":"publish","type":"post","link":"https:\/\/zonaroja.com.mx\/?p=51315","title":{"rendered":"Reconoce diputada lucha del Frente Nacional contra la Violencia Vicaria"},"content":{"rendered":"\n<p>Redacci\u00f3n\/Zona Roja.<\/p>\n\n\n\n<p>Oaxaca de Ju\u00e1rez, Oax., a 5 de febrero de 2023.- La lucha de las integrantes del Frente Nacional contra la Violencia Vicaria fue reconocida por la diputada Mariana Ben\u00edtez Tiburcio, al destacar tambi\u00e9n la aprobaci\u00f3n en el Congreso del Estado de reformas para tipificar este tipo de delito de violencia de g\u00e9nero.<\/p>\n\n\n\n<p>En tribuna durante la reciente sesi\u00f3n, detall\u00f3 que la violencia vicaria por fin fue tipificada en las leyes de la entidad y con ello Oaxaca se convierte en el n\u00famero 17 en el pa\u00eds en dar este paso en la defensa de las mujeres.<\/p>\n\n\n\n<p>Detallo que se identifica con varias caracter\u00edsticas, donde la mujer casi siempre es la v\u00edctima; se utilizan a los hijos como medios para causar un da\u00f1o a las mujeres; es ejercida por el hombre con quien la mujer mantuvo una relaci\u00f3n; el objetivo es causar un da\u00f1o o sufrimiento a la mujer;&nbsp; la violencia vicaria puede ser tambi\u00e9n por acci\u00f3n u omisi\u00f3n.<\/p>\n\n\n\n<p>Detall\u00f3 que este t\u00e9rmino fue acu\u00f1ado en Espa\u00f1a en el a\u00f1o 2012, en que se visibiliz\u00f3 esta problem\u00e1tica y en el pa\u00eds paulatinamente se han identificado muchos casos, en que los padres arrebataban a los hijos en una disputa con la madre.<\/p>\n\n\n\n<p>Puso como ejemplo los hijos de Elisa, quien recibi\u00f3 en 2019 una notificaci\u00f3n del Tribunal de Jalisco para informarle que le hab\u00eda entregado la custodia provisional de sus hijos a su ex esposo, despu\u00e9s de no haber regresado a una convivencia familiar, pero primero la denost\u00f3 con acusaciones falsas, por lo cual un tribunal colegiado orden\u00f3 la restituci\u00f3n.<\/p>\n\n\n\n<p>Otro caso de una mujer en Tijuana, donde un sujeto asesin\u00f3 a sus tres hijos, en disputa, y despu\u00e9s se suicid\u00f3.<\/p>\n\n\n\n<p>Destac\u00f3 la determinaci\u00f3n de la 65 Legislatura para reconocer a la violencia vicaria como una modalidad de violencia de g\u00e9nero establecida en la Ley Estatal de Acceso de las Mujeres a una Vida Libre de Violencia de G\u00e9nero, lo cual permitir\u00e1 visibilizar esta problem\u00e1tica para que las instancias correspondientes trabajen para erradicarla.\u00a0<\/p>\n\n\n\n<figure class=\"wp-block-image size-full\"><a href=\"http:\/\/www.zonaroja.com.mx\/wp-content\/uploads\/2023\/02\/Frente-Nacional-Violencia-Vicaria.jpg\" data-rel=\"penci-gallery-image-content\" ><img decoding=\"async\" width=\"1000\" height=\"750\" src=\"http:\/\/www.zonaroja.com.mx\/wp-content\/uploads\/2023\/02\/Frente-Nacional-Violencia-Vicaria.jpg\" alt=\"\" class=\"wp-image-51316\" srcset=\"https:\/\/zonaroja.com.mx\/wp-content\/uploads\/2023\/02\/Frente-Nacional-Violencia-Vicaria.jpg 1000w, https:\/\/zonaroja.com.mx\/wp-content\/uploads\/2023\/02\/Frente-Nacional-Violencia-Vicaria-300x225.jpg 300w, https:\/\/zonaroja.com.mx\/wp-content\/uploads\/2023\/02\/Frente-Nacional-Violencia-Vicaria-768x576.jpg 768w, https:\/\/zonaroja.com.mx\/wp-content\/uploads\/2023\/02\/Frente-Nacional-Violencia-Vicaria-585x439.jpg 585w\" sizes=\"(max-width: 1000px) 100vw, 1000px\" \/><\/a><\/figure>\n\n\n\n<p>Ben\u00edtez Tiburcio asegur\u00f3 que la violencia vicaria da\u00f1a principalmente a la mujer y como consecuencia, las hijas y los hijos se ven afectados al ser utilizados como un medio para lograrlo; por lo tanto, este tipo de violencia no solo atenta contra los derechos de las mujeres, sino tambi\u00e9n con el de las ni\u00f1as y ni\u00f1os, ya que en algunos casos llega hasta su asesinato por parte del agresor.&nbsp;<\/p>\n\n\n\n<p>De igual manera, la legisladora reconoci\u00f3 las iniciativas en la materia que presentaron el diputado, Sesul Bola\u00f1os L\u00f3pez y la diputada Lizzet Arroyo Rodr\u00edguez, as\u00ed como la coordinaci\u00f3n con el Frente Nacional contra Violencia Vicaria, que culmin\u00f3 en una reforma de gran importancia para la entidad.&nbsp;<\/p>\n\n\n\n<p>RECONOCEN A MINISTRA&nbsp;<\/p>\n\n\n\n<p>Por otra parte, durante la sesi\u00f3n ordinaria del pasado mi\u00e9rcoles, la legisladora local Mariana Ben\u00edtez, aplaudi\u00f3 la decisi\u00f3n del Pleno al aprobar su iniciativa para crear el reconocimiento p\u00fablico a \u201cMar\u00eda Cristina Salmor\u00e1n\u201d, quien fuera la Primera Ministra de la Suprema Corte de Justicia en el pa\u00eds de origen oaxaque\u00f1a.&nbsp;<\/p>\n\n\n\n<p>En el marco del 30 aniversario luctuoso de esta c\u00e9lebre oaxaque\u00f1a, la diputada local destac\u00f3 la importancia de visibilizar a gran escala las acciones de una mujer que contribuy\u00f3 por la protecci\u00f3n de los derechos de todas las mujeres.&nbsp;<\/p>\n\n\n\n<p>\u201cEste reconocimiento se entregar\u00e1 de forma anual cada 8 de marzo en una sesi\u00f3n solemne en el D\u00eda Internacional de la Mujer\u201d, a\u00f1adi\u00f3.<\/p>\n\n\n\n<figure class=\"wp-block-embed is-type-rich is-provider-twitter wp-block-embed-twitter\"><div class=\"wp-block-embed__wrapper\">\n<div class=\"twitter-tweet\"><blockquote class=\"twitter-tweet\" data-lang=\"es\"><p lang=\"es\" dir=\"ltr\"><a href=\"https:\/\/twitter.com\/hashtag\/%C3%9AltimoMinuto?src=hash&amp;ref_src=twsrc%5Etfw\">#\u00daltimoMinuto<\/a><br>Con 27 votos a favor, el pleno del <a href=\"https:\/\/twitter.com\/CongresoOaxaca_?ref_src=twsrc%5Etfw\">@CongresoOaxaca_<\/a> aprob\u00f3 modificaciones legales, para sancionar en Oaxaca la violencia vicaria; la diputada <a href=\"https:\/\/twitter.com\/marianabenitezt?ref_src=twsrc%5Etfw\">@marianabenitezt<\/a> celebr\u00f3 el aval y la lucha de las mujeres que padecen esta situaci\u00f3n. <a href=\"https:\/\/t.co\/J9GqcjFhCp\">pic.twitter.com\/J9GqcjFhCp<\/a><\/p>&mdash; Zona Roja Oaxaca (@ZonaRoja_Oaxaca) <a href=\"https:\/\/twitter.com\/ZonaRoja_Oaxaca\/status\/1620901002219257856?ref_src=twsrc%5Etfw\">1 de febrero de 2023<\/a><\/blockquote><\/div>\n<\/div><\/figure>\n","protected":false},"excerpt":{"rendered":"<p>Redacci\u00f3n\/Zona Roja. Oaxaca de Ju\u00e1rez, Oax., a 5 de febrero de 2023.- La lucha de&hellip;<\/p>\n","protected":false},"author":2,"featured_media":51317,"comment_status":"closed","ping_status":"open","sticky":false,"template":"","format":"standard","meta":{"_lmt_disableupdate":"","_lmt_disable":"","_jetpack_memberships_contains_paid_content":false,"footnotes":""},"categories":[109,46],"tags":[2969],"class_list":["post-51315","post","type-post","status-publish","format-standard","has-post-thumbnail","hentry","category-minuto-a-minuto","category-zona-blanca","tag-mariana-benitez-tiburcio"],"jetpack_featured_media_url":"https:\/\/zonaroja.com.mx\/wp-content\/uploads\/2023\/02\/Marana-Benitez-Congreso.jpg","jetpack_sharing_enabled":true,"_links":{"self":[{"href":"https:\/\/zonaroja.com.mx\/index.php?rest_route=\/wp\/v2\/posts\/51315","targetHints":{"allow":["GET"]}}],"collection":[{"href":"https:\/\/zonaroja.com.mx\/index.php?rest_route=\/wp\/v2\/posts"}],"about":[{"href":"https:\/\/zonaroja.com.mx\/index.php?rest_route=\/wp\/v2\/types\/post"}],"author":[{"embeddable":true,"href":"https:\/\/zonaroja.com.mx\/index.php?rest_route=\/wp\/v2\/users\/2"}],"replies":[{"embeddable":true,"href":"https:\/\/zonaroja.com.mx\/index.php?rest_route=%2Fwp%2Fv2%2Fcomments&post=51315"}],"version-history":[{"count":1,"href":"https:\/\/zonaroja.com.mx\/index.php?rest_route=\/wp\/v2\/posts\/51315\/revisions"}],"predecessor-version":[{"id":51318,"href":"https:\/\/zonaroja.com.mx\/index.php?rest_route=\/wp\/v2\/posts\/51315\/revisions\/51318"}],"wp:featuredmedia":[{"embeddable":true,"href":"https:\/\/zonaroja.com.mx\/index.php?rest_route=\/wp\/v2\/media\/51317"}],"wp:attachment":[{"href":"https:\/\/zonaroja.com.mx\/index.php?rest_route=%2Fwp%2Fv2%2Fmedia&parent=51315"}],"wp:term":[{"taxonomy":"category","embeddable":true,"href":"https:\/\/zonaroja.com.mx\/index.php?rest_route=%2Fwp%2Fv2%2Fcategories&post=51315"},{"taxonomy":"post_tag","embeddable":true,"href":"https:\/\/zonaroja.com.mx\/index.php?rest_route=%2Fwp%2Fv2%2Ftags&post=51315"}],"curies":[{"name":"wp","href":"https:\/\/api.w.org\/{rel}","templated":true}]}}