{"id":5132,"date":"2019-10-25T20:17:05","date_gmt":"2019-10-26T01:17:05","guid":{"rendered":"http:\/\/www.zonaroja.com.mx\/?p=5132"},"modified":"2019-10-25T20:17:22","modified_gmt":"2019-10-26T01:17:22","slug":"viernes-rojo-en-oaxaca-un-ejecutado-en-costa-y-un-secuestrado-en-cuenca","status":"publish","type":"post","link":"https:\/\/zonaroja.com.mx\/?p=5132","title":{"rendered":"Viernes rojo en Oaxaca: un ejecutado en Costa y un secuestrado en Cuenca"},"content":{"rendered":"\n<p>Redacci\u00f3n\/Zona Roja.<\/p>\n\n\n\n<p>Oaxaca de Ju\u00e1rez, Oax., 25 de octubre de\n2019.- La ola criminal no cesa en Oaxaca y este viernes fue ejecutada a balazos\nuna persona en la zona de la Costa Chica, mientras que en la Cuenca del\nPapaloapan se confirm\u00f3 el secuestro de un individuo.<\/p>\n\n\n\n<p>La tarde de hoy, en Pinotepa Nacional\nfue asesinado un individuo de aproximadamente 24 a\u00f1os de edad; sujetos\ndesconocidos arribaron a un taller de motocicletas ubicado en el barrio El\nZapote.<\/p>\n\n\n\n<p>De inmediato dispararon en contra de\nquien fue identificado como Alexis A., tras lo cual huyeron. El joven fue\ntrasladado a un hospital, pero perdi\u00f3 la vida cuando recib\u00eda atenci\u00f3n m\u00e9dica.<\/p>\n\n\n\n<p>CONFIRMAN SECUESTRO<\/p>\n\n\n\n<p>Mientras tanto, en la regi\u00f3n de la\nCuenca fuentes oficiales confirmaron la desaparici\u00f3n o secuestro del ex\npresidente municipal de San Lucas Ojitl\u00e1n, Porfirio Ortiz C\u00f3rdoba.<\/p>\n\n\n\n<p>Fue desde el pasado lunes en que se\nreport\u00f3 que presuntos delincuentes lo \u201clevantaron\u201d poro antes de llegar a su\ndomicilio, en la calzada V\u00edctor Bravo Ah\u00faja. Hasta el momento se desconoce su\nparadero y sus familiares pidieron a la Vicefiscal\u00eda Regional de la Cuenca\nintensificar la b\u00fasqueda.<\/p>\n\n\n\n<p>EN\u00c9SIMO ASALTO<\/p>\n\n\n\n<p>En la capital oaxaque\u00f1a, sujetos\ndesconocidos asaltaron a un cuentahabiente que reci\u00e9n hab\u00eda salido de una\nsucursal bancaria.<\/p>\n\n\n\n<p>La v\u00edctima viajaba con un acompa\u00f1ante en\nuna camioneta con placas del estado de Oaxaca, cuando fue interceptada sobre el\nPerif\u00e9rico, conocido como avenida Eduardo Mata, en inmediaciones del\nfraccionamiento La Noria.<\/p>\n\n\n\n<p>Uno de los dos sujetos a bordo de una\nmotocicleta lo amag\u00f3 con un arma de fuego y le quit\u00f3 el dinero, tras lo cual se\ndieron a la fuga.<\/p>\n","protected":false},"excerpt":{"rendered":"<p>Redacci\u00f3n\/Zona Roja. Oaxaca de Ju\u00e1rez, Oax., 25 de octubre de 2019.- La ola criminal no&hellip;<\/p>\n","protected":false},"author":2,"featured_media":3411,"comment_status":"closed","ping_status":"open","sticky":false,"template":"","format":"standard","meta":{"_lmt_disableupdate":"","_lmt_disable":"","_jetpack_memberships_contains_paid_content":false,"footnotes":""},"categories":[109,51],"tags":[916,209],"class_list":["post-5132","post","type-post","status-publish","format-standard","has-post-thumbnail","hentry","category-minuto-a-minuto","category-zona-roja","tag-pinotepa-nacional","tag-san-lucas-ojitlan"],"jetpack_featured_media_url":"https:\/\/zonaroja.com.mx\/wp-content\/uploads\/2019\/08\/Asesinatos-2.jpg","jetpack_sharing_enabled":true,"_links":{"self":[{"href":"https:\/\/zonaroja.com.mx\/index.php?rest_route=\/wp\/v2\/posts\/5132","targetHints":{"allow":["GET"]}}],"collection":[{"href":"https:\/\/zonaroja.com.mx\/index.php?rest_route=\/wp\/v2\/posts"}],"about":[{"href":"https:\/\/zonaroja.com.mx\/index.php?rest_route=\/wp\/v2\/types\/post"}],"author":[{"embeddable":true,"href":"https:\/\/zonaroja.com.mx\/index.php?rest_route=\/wp\/v2\/users\/2"}],"replies":[{"embeddable":true,"href":"https:\/\/zonaroja.com.mx\/index.php?rest_route=%2Fwp%2Fv2%2Fcomments&post=5132"}],"version-history":[{"count":1,"href":"https:\/\/zonaroja.com.mx\/index.php?rest_route=\/wp\/v2\/posts\/5132\/revisions"}],"predecessor-version":[{"id":5133,"href":"https:\/\/zonaroja.com.mx\/index.php?rest_route=\/wp\/v2\/posts\/5132\/revisions\/5133"}],"wp:featuredmedia":[{"embeddable":true,"href":"https:\/\/zonaroja.com.mx\/index.php?rest_route=\/wp\/v2\/media\/3411"}],"wp:attachment":[{"href":"https:\/\/zonaroja.com.mx\/index.php?rest_route=%2Fwp%2Fv2%2Fmedia&parent=5132"}],"wp:term":[{"taxonomy":"category","embeddable":true,"href":"https:\/\/zonaroja.com.mx\/index.php?rest_route=%2Fwp%2Fv2%2Fcategories&post=5132"},{"taxonomy":"post_tag","embeddable":true,"href":"https:\/\/zonaroja.com.mx\/index.php?rest_route=%2Fwp%2Fv2%2Ftags&post=5132"}],"curies":[{"name":"wp","href":"https:\/\/api.w.org\/{rel}","templated":true}]}}