{"id":51321,"date":"2023-02-05T20:32:58","date_gmt":"2023-02-06T02:32:58","guid":{"rendered":"http:\/\/www.zonaroja.com.mx\/?p=51321"},"modified":"2023-02-05T20:33:00","modified_gmt":"2023-02-06T02:33:00","slug":"sindicato-confederacion-joven-suma-tres-dias-de-protesta-en-oaxaca","status":"publish","type":"post","link":"https:\/\/zonaroja.com.mx\/?p=51321","title":{"rendered":"Sindicato Confederaci\u00f3n Joven suma tres d\u00edas de protesta en Oaxaca"},"content":{"rendered":"\n<p>Redacci\u00f3n\/Zona Roja.<\/p>\n\n\n\n<p>Oaxaca de Ju\u00e1rez, Oax., a 5 de febrero de 2023.- Por tercer d\u00eda consecutivo, transportistas del sindicato Confederaci\u00f3n Joven protestaron en Oaxaca, en la exigencia de la liberaci\u00f3n de sus dirigentes, Juan e Iv\u00e1n Luis Villaseca.<\/p>\n\n\n\n<p>Este domingo, concentraron taxis y veh\u00edculos pesados a un costado de la carretera federal 190, Oaxaca-Istmo, en el acceso al centro de reinserci\u00f3n social ubicado en San Francisco Tanivet, Tlacolula.<\/p>\n\n\n\n<p>Mientras que otro grupo con pancartas en mano, se manifest\u00f3 en el edificio del Centro de Justicia \u201cMargarita Maza Parada\u201d, en el mismo sitio, y al grito de justicia, demandaron la excarcelaci\u00f3n de sus l\u00edderes.<\/p>\n\n\n\n<p>\u201cFiscal saque las manos del tema\u201d, recriminaron al titular de la Fiscal\u00eda al titular de la Fiscal\u00eda General, Bernardo Rodr\u00edguez Alamilla, al demandar la libertad de Juan Luis Villaseca.<\/p>\n\n\n\n<p>Las presiones iniciaron el pasado viernes en la sede del Poder Judicial federal, ubicada en San Bartolo Coyotepec, donde cientos de transportistas se manifestaron.<\/p>\n\n\n\n<p>Ayer de nueva cuenta, con un bloqueo temporal en la v\u00eda Oaxaca-Istmo, tambi\u00e9n en jurisdicci\u00f3n de Tanivet.<\/p>\n\n\n\n<p>Fue ese d\u00eda en que habr\u00eda sido liberado uno de los Luis Villaseca; sin embargo, apenas pis\u00f3 fuera del recinto penitenciario, le fue aplicada una nueva orden de aprehensi\u00f3n.<\/p>\n\n\n\n<p>Apenas el viernes tambi\u00e9n pero en la Alameda de Le\u00f3n de la capital, un grupo de personas de la zona Mixe, exigi\u00f3 a las autoridades judiciales que no sean liberados Juan e Iv\u00e1n, al considerar que debe haber justicia por el intento de asesinato de una persona.<\/p>\n","protected":false},"excerpt":{"rendered":"<p>Redacci\u00f3n\/Zona Roja. Oaxaca de Ju\u00e1rez, Oax., a 5 de febrero de 2023.- Por tercer d\u00eda&hellip;<\/p>\n","protected":false},"author":2,"featured_media":51322,"comment_status":"closed","ping_status":"open","sticky":false,"template":"","format":"standard","meta":{"_lmt_disableupdate":"","_lmt_disable":"","_jetpack_memberships_contains_paid_content":false,"footnotes":""},"categories":[109,47],"tags":[3244],"class_list":["post-51321","post","type-post","status-publish","format-standard","has-post-thumbnail","hentry","category-minuto-a-minuto","category-zona-gris","tag-confederacion-joven-transportistas"],"jetpack_featured_media_url":"https:\/\/zonaroja.com.mx\/wp-content\/uploads\/2023\/02\/Protesta-Confederacion-Joven-Tanivet.jpg","jetpack_sharing_enabled":true,"_links":{"self":[{"href":"https:\/\/zonaroja.com.mx\/index.php?rest_route=\/wp\/v2\/posts\/51321","targetHints":{"allow":["GET"]}}],"collection":[{"href":"https:\/\/zonaroja.com.mx\/index.php?rest_route=\/wp\/v2\/posts"}],"about":[{"href":"https:\/\/zonaroja.com.mx\/index.php?rest_route=\/wp\/v2\/types\/post"}],"author":[{"embeddable":true,"href":"https:\/\/zonaroja.com.mx\/index.php?rest_route=\/wp\/v2\/users\/2"}],"replies":[{"embeddable":true,"href":"https:\/\/zonaroja.com.mx\/index.php?rest_route=%2Fwp%2Fv2%2Fcomments&post=51321"}],"version-history":[{"count":1,"href":"https:\/\/zonaroja.com.mx\/index.php?rest_route=\/wp\/v2\/posts\/51321\/revisions"}],"predecessor-version":[{"id":51323,"href":"https:\/\/zonaroja.com.mx\/index.php?rest_route=\/wp\/v2\/posts\/51321\/revisions\/51323"}],"wp:featuredmedia":[{"embeddable":true,"href":"https:\/\/zonaroja.com.mx\/index.php?rest_route=\/wp\/v2\/media\/51322"}],"wp:attachment":[{"href":"https:\/\/zonaroja.com.mx\/index.php?rest_route=%2Fwp%2Fv2%2Fmedia&parent=51321"}],"wp:term":[{"taxonomy":"category","embeddable":true,"href":"https:\/\/zonaroja.com.mx\/index.php?rest_route=%2Fwp%2Fv2%2Fcategories&post=51321"},{"taxonomy":"post_tag","embeddable":true,"href":"https:\/\/zonaroja.com.mx\/index.php?rest_route=%2Fwp%2Fv2%2Ftags&post=51321"}],"curies":[{"name":"wp","href":"https:\/\/api.w.org\/{rel}","templated":true}]}}