{"id":51326,"date":"2023-02-06T07:26:08","date_gmt":"2023-02-06T13:26:08","guid":{"rendered":"http:\/\/www.zonaroja.com.mx\/?p=51326"},"modified":"2023-02-06T07:30:58","modified_gmt":"2023-02-06T13:30:58","slug":"van-dos-terremotos-turquia-y-siria-y-suman-mas-de-1500-muertos","status":"publish","type":"post","link":"https:\/\/zonaroja.com.mx\/?p=51326","title":{"rendered":"Van dos terremotos;  Turqu\u00eda y Siria y suman m\u00e1s de 1,500 muertos"},"content":{"rendered":"\n<p>Redacci\u00f3n\/Zona Roja Cdmx.<\/p>\n\n\n\n<p>Ciudad de M\u00e9xico, a 6 de febrero de 2023.- La regi\u00f3n turca de&nbsp;Kahramanmaras ha sufrido en menos de 12 horas el impacto de dos grandes terremotos.&nbsp;<\/p>\n\n\n\n<p>A primera hora de la madrugada se produc\u00eda el primer gran sismo, de magnitud 7,8 en la escala Richter, y despu\u00e9s de horas en las que se han ido detectando r\u00e9plicas menores, pasado el mediod\u00eda, se ha registrado el segundo gran temblor, de magnitud 7,6.<\/p>\n\n\n\n<p>De acuerdo con informaci\u00f3n de agencias internacionales, el balance de v\u00edctimas mortales en Siria y en Turqu\u00eda es de m\u00e1s de mil 500 el total de muertos confirmados.&nbsp;<\/p>\n\n\n\n<p>El presidente turco, Recep Tayyip Erdogan, fue el encargado de anunciar el \u00faltimo balance de muertos y heridos en su pa\u00eds, y confirm\u00f3 al menos 912 fallecidos y m\u00e1s de cinco mil 300 heridos.&nbsp;<\/p>\n\n\n\n<p>\u00abEs el segundo m\u00e1s fuerte desde el terremoto de Erzincan de 1939. Seg\u00fan las \u00faltimas evaluaciones es de 7,7 en la escala Richter\u00bb, dijo.&nbsp;<\/p>\n\n\n\n<p>Tambi\u00e9n confirm\u00f3 que se han registrado derrumbes o da\u00f1os graves en m\u00e1s de dos mil 800 viviendas y que se ha rescatado con vida a dos mil 470 personas de los escombros.&nbsp;<\/p>\n\n\n\n<p>En Siria, el sismo ha dejado al menos 592 muertos y mil 508 heridos, seg\u00fan la agencia oficial de noticias SANA.<\/p>\n\n\n\n<p>Los terremotos tambi\u00e9n ha afectado a otros pa\u00edses de la regi\u00f3n, como L\u00edbano e Irak.&nbsp;<\/p>\n\n\n\n<p>El intenso temblor activ\u00f3 la alerta por tsunami en Italia, pero finalmente la ola que ha llegado a las costas orientales de Calabria, Puglia y Sicilia ha sido de unos 15 cent\u00edmetros, por lo que las autoridades de Protecci\u00f3n Civil del pa\u00eds han revocado la alerta, si bien siguen vigilantes. En Turqu\u00eda y Siria todos los esfuerzos se centran en rescatar a supervivientes.<\/p>\n\n\n\n<p>La ciudadela de Alepo, Patrimonio de la Humanidad de la Unesco, ha quedado da\u00f1ada tras el terremoto de esta madrugada de magnitud 7,8, con epicentro en Turqu\u00eda, al caerse una parte del molino, muros de defensa de la parte nororiental del gran palacio medieval y la mayor\u00eda de la c\u00fapula de una mezquita, informaron fuentes oficiales.\u00a0<\/p>\n\n\n\n<p>Los t\u00e9cnicos de la direcci\u00f3n de Antig\u00fcedades de Alepo est\u00e1n inspeccionando en estos momentos la ciudad antigua que fue perjudicada para evaluar los da\u00f1os, seg\u00fan SANA.\u00a0Por otra parte, en la ciudad monumental de Palmira, en la provincia de Homs, tambi\u00e9n ha habido da\u00f1os por el terremoto.<\/p>\n\n\n\n<p>(Con informaci\u00f3n de \u201c20 Minutos\u201d de Espa\u00f1a)<\/p>\n","protected":false},"excerpt":{"rendered":"<p>Redacci\u00f3n\/Zona Roja Cdmx. Ciudad de M\u00e9xico, a 6 de febrero de 2023.- La regi\u00f3n turca&hellip;<\/p>\n","protected":false},"author":2,"featured_media":51327,"comment_status":"closed","ping_status":"open","sticky":false,"template":"","format":"standard","meta":{"_lmt_disableupdate":"","_lmt_disable":"","_jetpack_memberships_contains_paid_content":false,"footnotes":""},"categories":[109,47],"tags":[3426],"class_list":["post-51326","post","type-post","status-publish","format-standard","has-post-thumbnail","hentry","category-minuto-a-minuto","category-zona-gris","tag-terremoto-turquia"],"jetpack_featured_media_url":"https:\/\/zonaroja.com.mx\/wp-content\/uploads\/2023\/02\/Terremoto-Turquia-y-Siria.jpeg","jetpack_sharing_enabled":true,"_links":{"self":[{"href":"https:\/\/zonaroja.com.mx\/index.php?rest_route=\/wp\/v2\/posts\/51326","targetHints":{"allow":["GET"]}}],"collection":[{"href":"https:\/\/zonaroja.com.mx\/index.php?rest_route=\/wp\/v2\/posts"}],"about":[{"href":"https:\/\/zonaroja.com.mx\/index.php?rest_route=\/wp\/v2\/types\/post"}],"author":[{"embeddable":true,"href":"https:\/\/zonaroja.com.mx\/index.php?rest_route=\/wp\/v2\/users\/2"}],"replies":[{"embeddable":true,"href":"https:\/\/zonaroja.com.mx\/index.php?rest_route=%2Fwp%2Fv2%2Fcomments&post=51326"}],"version-history":[{"count":1,"href":"https:\/\/zonaroja.com.mx\/index.php?rest_route=\/wp\/v2\/posts\/51326\/revisions"}],"predecessor-version":[{"id":51328,"href":"https:\/\/zonaroja.com.mx\/index.php?rest_route=\/wp\/v2\/posts\/51326\/revisions\/51328"}],"wp:featuredmedia":[{"embeddable":true,"href":"https:\/\/zonaroja.com.mx\/index.php?rest_route=\/wp\/v2\/media\/51327"}],"wp:attachment":[{"href":"https:\/\/zonaroja.com.mx\/index.php?rest_route=%2Fwp%2Fv2%2Fmedia&parent=51326"}],"wp:term":[{"taxonomy":"category","embeddable":true,"href":"https:\/\/zonaroja.com.mx\/index.php?rest_route=%2Fwp%2Fv2%2Fcategories&post=51326"},{"taxonomy":"post_tag","embeddable":true,"href":"https:\/\/zonaroja.com.mx\/index.php?rest_route=%2Fwp%2Fv2%2Ftags&post=51326"}],"curies":[{"name":"wp","href":"https:\/\/api.w.org\/{rel}","templated":true}]}}