{"id":51330,"date":"2023-02-06T10:33:00","date_gmt":"2023-02-06T16:33:00","guid":{"rendered":"http:\/\/www.zonaroja.com.mx\/?p=51330"},"modified":"2023-02-06T07:48:24","modified_gmt":"2023-02-06T13:48:24","slug":"son-ninas-el-40-de-las-personas-reportadas-desparecidas-en-febrero","status":"publish","type":"post","link":"https:\/\/zonaroja.com.mx\/?p=51330","title":{"rendered":"Son ni\u00f1as el 40% de las personas reportadas desparecidas en febrero"},"content":{"rendered":"\n<p>Yuridiana Sosa\/Zona Roja.<\/p>\n\n\n\n<p>Oaxaca de Ju\u00e1rez, Oax., a 6 de febrero de 2023.- Tan solo en los cinco primeros d\u00edas del mes de febrero, una decena de personas han sido reportada como desparecidas en Oaxaca, de las que cuatro son ni\u00f1as.<\/p>\n\n\n\n<p>Se trata de v\u00edctimas de entre dos y cinco a\u00f1os de edad, en tres de los casos desaparecieron tras permanecer en compa\u00f1\u00eda de sus progenitores, de acuerdo a la informaci\u00f3n de la Unidad de B\u00fasqueda de Personas Desaparecidas y No Localizadas, de la Fiscal\u00eda General del Estado.<\/p>\n\n\n\n<p>Los casos reportados son para encontrar a las hermanas Luna Hern\u00e1dez Bolan, de dos a\u00f1os, y Ambar Hern\u00e1ndez Bolan de cuatro a\u00f1os, quienes viajan en compa\u00f1\u00eda de su padre Alfonso Hern\u00e1dez Lucio.<\/p>\n\n\n\n<p>Seg\u00fan datos de la ficha de b\u00fasqueda publicada el 3 de febrero, las ni\u00f1as fueron vistas por \u00faltima vez el 23 de enero en la terminal de autobuses ADO del municipio de Salina Cruz.<\/p>\n\n\n\n<p>Tambi\u00e9n se busca a Nataly Victoria Jim\u00e9nez L\u00f3pez de dos a\u00f1os y 11 meses, quien fue vista por \u00faltima vez el pasado 19 de enero en la colonia Bugambilias de la agencia de Santa Rosa Panzacola del municipio de Oaxaca de Ju\u00e1rez cuando iba en compa\u00f1\u00eda de su progenitor Jaime V\u00edctor Jim\u00e9nez Gaspar.<\/p>\n\n\n\n<p>En tanto que se emiti\u00f3 alerta Amber para localizar a la peque\u00f1a Valeria Luna Orozco de cinco a\u00f1os, quien fue vista por \u00faltima vez el 31 de enero en San Lorenzo Cuaunecuiltitla de Teotitl\u00e1n de Flores Mag\u00f3n; ayer fue reportada como localizada.<\/p>\n\n\n\n<p>MAYOR\u00cdA VARONES<\/p>\n\n\n\n<p>Durante este segundo mes del a\u00f1o existe una mayor incidencia de hombres que fueron y permanecen desaparecidos durante los primeros d\u00edas de febrero.<\/p>\n\n\n\n<p>Son fichas de b\u00fasquedas que permanecen activas por no localizaci\u00f3n de varones entre las \u00faltimas horas de enero y lo que va de febrero.<\/p>\n\n\n\n<p>Familiares buscan a Omar Gaytan Santiago de 28 a\u00f1os, visto por \u00faltima vez el 3 de febrero en la colonia Moctezuma de San Mart\u00edn Mexicapam en el municipio de Oaxaca de Ju\u00e1rez<\/p>\n\n\n\n<p>Ra\u00fal L\u00f3pez D\u00edaz, de 14 a\u00f1os, fue visto por \u00faltima vez el 2 de febrero en la colonia Sat\u00e9lite de la ciudad de Oaxaca.<\/p>\n\n\n\n<p>As\u00ed tambi\u00e9n se emiti\u00f3 la ficha para localizar a Jonathan Geovany P\u00e9rez Garc\u00eda, conocido como \u201cBubu\u201d, de 21 a\u00f1os , quien desapareci\u00f3 el 1 de febrero en la colonia Benem\u00e9rito de las Am\u00e9ricas del municipio conurbado de Santa Cruz Xoxocotl\u00e1n.<\/p>\n\n\n\n<p>Otro caso es el de Jos\u00e9 Manuel M\u00e9ndez Miguel de 21 a\u00f1os, visto por \u00faltima vez el 30 de enero en la carretera federal Oaxaca &#8211; Tuxtepec en jurisdicci\u00f3n de Ixtl\u00e1n de Ju\u00e1rez.&nbsp;<\/p>\n\n\n\n<p>Mientras que Aquiles Lujan Carre\u00f1o de 50 a\u00f1os, desapareci\u00f3 el 2 de febrero en las calles de Huerto Framboyanes esquina con Huerto Platanares del fraccionamiento Trinidad de las Huertas de la capital del estado; \u00e9ste ser\u00eda victimado pero su ficha de b\u00fasqueda permanece activa.<\/p>\n\n\n\n<p>Este mes se report\u00f3 la desaparici\u00f3n de Tel\u00e9sforo M\u00e9ndez V\u00e1zquez, de 58 a\u00f1os, visto por \u00faltima vez el pasado 17 de enero en Santo Domingo Tomaltepec. La desaparici\u00f3n de Oswaldo de Jes\u00fas Cazares, 30 a\u00f1os, ocurri\u00f3 el 26 de enero en la localidad de Guadalupe de las Flores de San Antonio Monte Verde, Teposcolula.<\/p>\n\n\n\n<p>En tanto, que este mes se reportaron los casos de dos personas no localizadas desde el mes de agosto.<\/p>\n\n\n\n<p>Daniel Galindo Vel\u00e1squez, de 38 a\u00f1os, fue visto desde el pasado 31 de agosto en la colonia Reforma de la capital del estado, mientras que en esa misa colonia desapareci\u00f3 Rosa Camacho Quiroz, de 88 a\u00f1os, de quien no se sabe nada desde el mes de agosto tras ser vista en la segunda privada de prolongaci\u00f3n de Naranjos, de dicha colonia capitalina.<\/p>\n","protected":false},"excerpt":{"rendered":"<p>Yuridiana Sosa\/Zona Roja. Oaxaca de Ju\u00e1rez, Oax., a 6 de febrero de 2023.- Tan solo&hellip;<\/p>\n","protected":false},"author":2,"featured_media":51331,"comment_status":"closed","ping_status":"open","sticky":false,"template":"","format":"standard","meta":{"_lmt_disableupdate":"","_lmt_disable":"","_jetpack_memberships_contains_paid_content":false,"footnotes":""},"categories":[109,47],"tags":[642],"class_list":["post-51330","post","type-post","status-publish","format-standard","has-post-thumbnail","hentry","category-minuto-a-minuto","category-zona-gris","tag-personas-desaparecidas-oaxaca"],"jetpack_featured_media_url":"https:\/\/zonaroja.com.mx\/wp-content\/uploads\/2023\/02\/Desaparecidos-Oaxaca.jpg","jetpack_sharing_enabled":true,"_links":{"self":[{"href":"https:\/\/zonaroja.com.mx\/index.php?rest_route=\/wp\/v2\/posts\/51330","targetHints":{"allow":["GET"]}}],"collection":[{"href":"https:\/\/zonaroja.com.mx\/index.php?rest_route=\/wp\/v2\/posts"}],"about":[{"href":"https:\/\/zonaroja.com.mx\/index.php?rest_route=\/wp\/v2\/types\/post"}],"author":[{"embeddable":true,"href":"https:\/\/zonaroja.com.mx\/index.php?rest_route=\/wp\/v2\/users\/2"}],"replies":[{"embeddable":true,"href":"https:\/\/zonaroja.com.mx\/index.php?rest_route=%2Fwp%2Fv2%2Fcomments&post=51330"}],"version-history":[{"count":1,"href":"https:\/\/zonaroja.com.mx\/index.php?rest_route=\/wp\/v2\/posts\/51330\/revisions"}],"predecessor-version":[{"id":51332,"href":"https:\/\/zonaroja.com.mx\/index.php?rest_route=\/wp\/v2\/posts\/51330\/revisions\/51332"}],"wp:featuredmedia":[{"embeddable":true,"href":"https:\/\/zonaroja.com.mx\/index.php?rest_route=\/wp\/v2\/media\/51331"}],"wp:attachment":[{"href":"https:\/\/zonaroja.com.mx\/index.php?rest_route=%2Fwp%2Fv2%2Fmedia&parent=51330"}],"wp:term":[{"taxonomy":"category","embeddable":true,"href":"https:\/\/zonaroja.com.mx\/index.php?rest_route=%2Fwp%2Fv2%2Fcategories&post=51330"},{"taxonomy":"post_tag","embeddable":true,"href":"https:\/\/zonaroja.com.mx\/index.php?rest_route=%2Fwp%2Fv2%2Ftags&post=51330"}],"curies":[{"name":"wp","href":"https:\/\/api.w.org\/{rel}","templated":true}]}}