{"id":51336,"date":"2023-02-06T09:47:00","date_gmt":"2023-02-06T15:47:00","guid":{"rendered":"http:\/\/www.zonaroja.com.mx\/?p=51336"},"modified":"2023-02-06T09:55:34","modified_gmt":"2023-02-06T15:55:34","slug":"acusan-proteccion-del-fiscal-a-director-del-la-feri-tras-denuncias-de-acoso","status":"publish","type":"post","link":"https:\/\/zonaroja.com.mx\/?p=51336","title":{"rendered":"Acusan protecci\u00f3n del fiscal a director del la FERI, tras denuncias de acoso"},"content":{"rendered":"\n<p>Redacci\u00f3n\/Zona Roja.<\/p>\n\n\n\n<p>Oaxaca de Ju\u00e1rez, Oax., a 6 de febrero de 2023.- Pese a varias denuncias de acoso sexual por parte de mujeres, el director de la Fuerza Especial de Reacci\u00f3n Inmediata (FERI), Te\u00f3filo Ruiz Carmona, se mantiene en el cargo, protegido por varios titulares de la Fiscal\u00eda General del Estado de Oaxaca.<\/p>\n\n\n\n<p>As\u00ed lo denuncian elementos de esa corporaci\u00f3n especial, que emitieron este fin de semana una denuncia p\u00fablica en redes sociales, para exigir la intervenci\u00f3n urgente del actual fiscal, Bernardo Rodr\u00edguez Alamilla, quien como defensor de derechos humanos, conoci\u00f3 los casos de abuso.<\/p>\n\n\n\n<p>El m\u00e1s reciente fue el de Alfonsa N., quien mostr\u00f3 pancartas para pedir justicia, cuando el titular de la Fiscal\u00eda acudi\u00f3 la semana pasada al pase de lista y presentaci\u00f3n ante el personal. Pero ni ello bast\u00f3.<\/p>\n\n\n\n<p>La FERI es un grupo especial de elementos de la Agencia Estatal de Investigaciones, que depende directamente del fiscal del estado y realiza supuestamente labores especiales, algunas de ellas fuera de la ley, seg\u00fan las denuncias.<\/p>\n\n\n\n<p>\u201cDesde hace 20 a\u00f1os integramos este grupo que fue creado para auxiliar al ministerio p\u00fablico en las investigaciones y ejecuciones de \u00f3rdenes de aprehensi\u00f3n de alto riesgo.<\/p>\n\n\n\n<p>\u201cAs\u00ed por algunos a\u00f1os estuvo funcionando, dirigido por algunos comandantes que aprovecharon que \u00fanicamente recib\u00edan \u00f3rdenes directas de usted, pero a la llegada de Teofilo Ruiz Carmona, como encargado del grupo, al interior del grupo se fueron creando grupitos de los mismos compa\u00f1eros que por \u00f3rdenes de Teofilo se dedicaron al cobro de piso, extorsi\u00f3n, y favores especiales para algunas personas que tienen \u00f3rdenes de aprehensi\u00f3n por delitos que han cometido.&nbsp;<\/p>\n\n\n\n<p>\u201cSaliendo favorecidos para no ser detenidos a cambio de grandes cantidades de dinero, y de las investigaciones ni se diga, totalmente arregladas para favorecer a los presuntos implicados\u201d, refiere el documento.<\/p>\n\n\n\n<p>\u201cQueremos denunciar a Teofilo, que con el poder y confianza que le han dado ha echo de sus oficinas una madriguera de delincuentes, que por las noches es una cantina de fin de semana.<\/p>\n\n\n\n<p>\u201cReconocemos el valor que tiene la compa\u00f1era Alfonsina al denunciar lo que le hizo Teofilo pero desgraciadamente fue protegido por \u00e9l fiscal general en turno.<\/p>\n\n\n\n<p>\u201cSolicitamos hagan la remoci\u00f3n de este comandante que ha llevado al grupo a nefastos casos contra la ley abusando de toda la confianza que le han dado.<\/p>\n\n\n\n<p>\u201cAdem\u00e1s de todos los esc\u00e1ndalos que ha protagonizado con la fuga de detenidos que ha tenido y donde queda demostrado que de especial no tiene nada el grupo pues este se\u00f1or lo ha llevado a ser un grupo sin control ni respeto por la ley.<\/p>\n\n\n\n<p>\u201cEn su af\u00e1n de seguir siendo impune, est\u00e1 en busca de colocar a gente involucrada en casos que el sabe para protegerlo y solapar todos los delitos que ha cometido para que se quede como nuevo comandante del grupo\u201d, exponen,, al reiterar su llamado al fiscal Rodr\u00edguez Alamilla para que intervenga.<\/p>\n","protected":false},"excerpt":{"rendered":"<p>Redacci\u00f3n\/Zona Roja. Oaxaca de Ju\u00e1rez, Oax., a 6 de febrero de 2023.- Pese a varias&hellip;<\/p>\n","protected":false},"author":2,"featured_media":51337,"comment_status":"closed","ping_status":"open","sticky":false,"template":"","format":"standard","meta":{"_lmt_disableupdate":"","_lmt_disable":"","_jetpack_memberships_contains_paid_content":false,"footnotes":""},"categories":[109,47],"tags":[494],"class_list":["post-51336","post","type-post","status-publish","format-standard","has-post-thumbnail","hentry","category-minuto-a-minuto","category-zona-gris","tag-fiscalia-general-del-estado-de-oaxaca"],"jetpack_featured_media_url":"https:\/\/zonaroja.com.mx\/wp-content\/uploads\/2023\/02\/Bernardo-Rodriguez-Alamilla-y-AEI.jpeg","jetpack_sharing_enabled":true,"_links":{"self":[{"href":"https:\/\/zonaroja.com.mx\/index.php?rest_route=\/wp\/v2\/posts\/51336","targetHints":{"allow":["GET"]}}],"collection":[{"href":"https:\/\/zonaroja.com.mx\/index.php?rest_route=\/wp\/v2\/posts"}],"about":[{"href":"https:\/\/zonaroja.com.mx\/index.php?rest_route=\/wp\/v2\/types\/post"}],"author":[{"embeddable":true,"href":"https:\/\/zonaroja.com.mx\/index.php?rest_route=\/wp\/v2\/users\/2"}],"replies":[{"embeddable":true,"href":"https:\/\/zonaroja.com.mx\/index.php?rest_route=%2Fwp%2Fv2%2Fcomments&post=51336"}],"version-history":[{"count":1,"href":"https:\/\/zonaroja.com.mx\/index.php?rest_route=\/wp\/v2\/posts\/51336\/revisions"}],"predecessor-version":[{"id":51338,"href":"https:\/\/zonaroja.com.mx\/index.php?rest_route=\/wp\/v2\/posts\/51336\/revisions\/51338"}],"wp:featuredmedia":[{"embeddable":true,"href":"https:\/\/zonaroja.com.mx\/index.php?rest_route=\/wp\/v2\/media\/51337"}],"wp:attachment":[{"href":"https:\/\/zonaroja.com.mx\/index.php?rest_route=%2Fwp%2Fv2%2Fmedia&parent=51336"}],"wp:term":[{"taxonomy":"category","embeddable":true,"href":"https:\/\/zonaroja.com.mx\/index.php?rest_route=%2Fwp%2Fv2%2Fcategories&post=51336"},{"taxonomy":"post_tag","embeddable":true,"href":"https:\/\/zonaroja.com.mx\/index.php?rest_route=%2Fwp%2Fv2%2Ftags&post=51336"}],"curies":[{"name":"wp","href":"https:\/\/api.w.org\/{rel}","templated":true}]}}