{"id":5134,"date":"2019-10-25T20:53:45","date_gmt":"2019-10-26T01:53:45","guid":{"rendered":"http:\/\/www.zonaroja.com.mx\/?p=5134"},"modified":"2019-10-25T20:53:49","modified_gmt":"2019-10-26T01:53:49","slug":"si-quieres-morir-al-issste-debes-ir-piden-renuncia-de-director-ramirez-pineda","status":"publish","type":"post","link":"https:\/\/zonaroja.com.mx\/?p=5134","title":{"rendered":"\u00a1Si quieres morir, al ISSSTE debes ir! Piden renuncia de director, Ram\u00edrez Pineda"},"content":{"rendered":"\n<p>Ismael Garc\u00eda M.<\/p>\n\n\n\n<p>Oaxaca de Ju\u00e1rez, Oax., 25 de octubre de\n2019.- Al grito de \u00a1Si quieres morir, al ISSSTE debes ir! \u00a1Si quieres morir, al\nISSSTE debes ir!, la Secci\u00f3n 22 del Sindicato Nacional de Trabajadores de la\nEducaci\u00f3n tom\u00f3 una nueva bandera:<\/p>\n\n\n\n<p>El mejoramiento de los servicios del\nInstituto de Seguridad y Servicios Sociales para los Trabajadores del Estado o\nla renuncia de su titular, el oaxaque\u00f1o Luis Antonio Ram\u00edrez Pineda, ex\ndiputado federal por el PRI.<\/p>\n\n\n\n<p>El magisterio efectu\u00f3 este viernes una\nmovilizaci\u00f3n estatal, que parti\u00f3 de la carretera Internacional 190,\nOaxaca-Istmo, en el crucero de las antiguas oficinas del Instituto Estatal de\nEducaci\u00f3n P\u00fablica.<\/p>\n\n\n\n<p>Previo a ello, la dirigencia estatal y\nrepresentantes de otros gremios denunciaron en conferencia de prensa las graves\ncarencias en esa instituci\u00f3n de salud, as\u00ed como la p\u00e9sima atenci\u00f3n m\u00e9dica para\nlos trabajadores federados.<\/p>\n\n\n\n<p>Tras ello, iniciaron su marcha, en que participaron unos cinco mil mentores. En el cruce de H\u00e9roes de Chapultepec con la calle de Amapolas hicieron un alto en las oficinas delegacionales del ISSSTE, para insistir en sus exigencias.<\/p>\n\n\n\n<figure class=\"wp-block-image\"><img decoding=\"async\" width=\"1024\" height=\"576\" src=\"http:\/\/www.zonaroja.com.mx\/wp-content\/uploads\/2019\/10\/IMG_2171-1024x576.jpg\" alt=\"\" class=\"wp-image-5135\" srcset=\"https:\/\/zonaroja.com.mx\/wp-content\/uploads\/2019\/10\/IMG_2171-1024x576.jpg 1024w, https:\/\/zonaroja.com.mx\/wp-content\/uploads\/2019\/10\/IMG_2171-300x169.jpg 300w, https:\/\/zonaroja.com.mx\/wp-content\/uploads\/2019\/10\/IMG_2171-768x432.jpg 768w, https:\/\/zonaroja.com.mx\/wp-content\/uploads\/2019\/10\/IMG_2171-1170x658.jpg 1170w, https:\/\/zonaroja.com.mx\/wp-content\/uploads\/2019\/10\/IMG_2171-585x329.jpg 585w, https:\/\/zonaroja.com.mx\/wp-content\/uploads\/2019\/10\/IMG_2171.jpg 1760w\" sizes=\"(max-width: 1024px) 100vw, 1024px\" \/><\/figure>\n\n\n\n<p>Pero cuando pretend\u00edan reanudar su ruta,\ncon rumbo a la avenida Ju\u00e1rez y posteriormente al z\u00f3calo, fueron impedidos por\nun grupo de padres de familia y docentes de la Escuela Secundaria T\u00e9cnica 106\nde San Mart\u00edn Mexic\u00e1pam, que demandaba personal.<\/p>\n\n\n\n<p>&#8211;En serio, vengo a convencerlos,\nnecesitamos pasar, pero sabemos de antemano\u2026 &#8211;suplicaba el secretario de\nOrganizaci\u00f3n, Genaro Mart\u00ednez Morales.<\/p>\n\n\n\n<p>&#8211;Pero no nos hemos movido porque hace\ncinco minutos se form\u00f3 la comisi\u00f3n \u2013respondi\u00f3 una mentora.<\/p>\n\n\n\n<p>&#8211;No queremos tampoco un asunto que no\nva a ayudar a nadie, nuestra lucha es distinta; entendemos su situaci\u00f3n y est\u00e1n\nen su derecho.<\/p>\n\n\n\n<p>&#8211;En ese entendimiento nos vamos a ir\nuna comisi\u00f3n, pero no vamos a quitarnos hasta que nos atiendan; no es justo que\nnos hagan esto.<\/p>\n\n\n\n<p>Y Mart\u00ednez Morales no logr\u00f3 convencer a\nlas manifestantes, de su propio gremio. Finalmente la marcha tuvo que regresar\ny doblar por el bulevar Eduardo Vasconcelos, para tomar Morelos e ingresar al Centro\nHist\u00f3rico.<\/p>\n\n\n\n<p>Alrededor de la una de la tarde culmin\u00f3 el mitin del magisterio, cerca de las tres de la tarde se comenzaron a quitar los tres bloqueos de docentes de la T\u00e9cnica 106\u2026 pero el da\u00f1o ya estaba hecho a la sociedad, y la ofensa a su propia dirigencia magisterial.<\/p>\n\n\n\n<figure class=\"wp-block-embed-twitter wp-block-embed is-type-rich is-provider-twitter\"><div class=\"wp-block-embed__wrapper\">\n<div class=\"twitter-tweet\"><blockquote class=\"twitter-tweet\" data-lang=\"es\"><p lang=\"es\" dir=\"ltr\"><a href=\"https:\/\/twitter.com\/hashtag\/OaxacaGris?src=hash&amp;ref_src=twsrc%5Etfw\">#OaxacaGris<\/a><br>Se juntan protestas en la calzada H\u00e9roes de Chapultepec de la capital oaxaque\u00f1a; pero el grupo de mentores de la Secundaria 106 no autoriz\u00f3 el paso a la marcha de la Secci\u00f3n 22 del SNTE, por lo que esta tuvo que desviar su ruta hacia el bulevar Eduardo Vasconcelos. <a href=\"https:\/\/t.co\/exAWSL13Hq\">pic.twitter.com\/exAWSL13Hq<\/a><\/p>&mdash; Zona Roja Oaxaca (@MexRoja) <a href=\"https:\/\/twitter.com\/MexRoja\/status\/1187794586644570112?ref_src=twsrc%5Etfw\">25 de octubre de 2019<\/a><\/blockquote><\/div>\n<\/div><\/figure>\n","protected":false},"excerpt":{"rendered":"<p>Ismael Garc\u00eda M. Oaxaca de Ju\u00e1rez, Oax., 25 de octubre de 2019.- Al grito de&hellip;<\/p>\n","protected":false},"author":2,"featured_media":5136,"comment_status":"closed","ping_status":"open","sticky":false,"template":"","format":"standard","meta":{"_lmt_disableupdate":"","_lmt_disable":"","_jetpack_memberships_contains_paid_content":false,"footnotes":""},"categories":[109,47],"tags":[312],"class_list":["post-5134","post","type-post","status-publish","format-standard","has-post-thumbnail","hentry","category-minuto-a-minuto","category-zona-gris","tag-seccion-22-del-snte"],"jetpack_featured_media_url":"https:\/\/zonaroja.com.mx\/wp-content\/uploads\/2019\/10\/IMG_2149.jpg","jetpack_sharing_enabled":true,"_links":{"self":[{"href":"https:\/\/zonaroja.com.mx\/index.php?rest_route=\/wp\/v2\/posts\/5134","targetHints":{"allow":["GET"]}}],"collection":[{"href":"https:\/\/zonaroja.com.mx\/index.php?rest_route=\/wp\/v2\/posts"}],"about":[{"href":"https:\/\/zonaroja.com.mx\/index.php?rest_route=\/wp\/v2\/types\/post"}],"author":[{"embeddable":true,"href":"https:\/\/zonaroja.com.mx\/index.php?rest_route=\/wp\/v2\/users\/2"}],"replies":[{"embeddable":true,"href":"https:\/\/zonaroja.com.mx\/index.php?rest_route=%2Fwp%2Fv2%2Fcomments&post=5134"}],"version-history":[{"count":1,"href":"https:\/\/zonaroja.com.mx\/index.php?rest_route=\/wp\/v2\/posts\/5134\/revisions"}],"predecessor-version":[{"id":5137,"href":"https:\/\/zonaroja.com.mx\/index.php?rest_route=\/wp\/v2\/posts\/5134\/revisions\/5137"}],"wp:featuredmedia":[{"embeddable":true,"href":"https:\/\/zonaroja.com.mx\/index.php?rest_route=\/wp\/v2\/media\/5136"}],"wp:attachment":[{"href":"https:\/\/zonaroja.com.mx\/index.php?rest_route=%2Fwp%2Fv2%2Fmedia&parent=5134"}],"wp:term":[{"taxonomy":"category","embeddable":true,"href":"https:\/\/zonaroja.com.mx\/index.php?rest_route=%2Fwp%2Fv2%2Fcategories&post=5134"},{"taxonomy":"post_tag","embeddable":true,"href":"https:\/\/zonaroja.com.mx\/index.php?rest_route=%2Fwp%2Fv2%2Ftags&post=5134"}],"curies":[{"name":"wp","href":"https:\/\/api.w.org\/{rel}","templated":true}]}}