{"id":51342,"date":"2023-02-06T12:34:00","date_gmt":"2023-02-06T18:34:00","guid":{"rendered":"http:\/\/www.zonaroja.com.mx\/?p=51342"},"modified":"2023-02-06T16:06:14","modified_gmt":"2023-02-06T22:06:14","slug":"p1","status":"publish","type":"post","link":"https:\/\/zonaroja.com.mx\/?p=51342","title":{"rendered":"Opera el crimen organizado en Oaxaca: en cinco d\u00edas, nueve ejecutados"},"content":{"rendered":"\n<p>Yuridiana Sosa\/Zona Roja.<\/p>\n\n\n\n<p>Oaxaca de Ju\u00e1rez, Oax., a 6 de febrero de 2023.- Los m\u00faltiples operativos que realiza la Secretar\u00eda de Seguridad y Protecci\u00f3n Ciudadana de Oaxaca a\u00fan no surten efecto frente a los \u201creajustes de grupos delictivos\u201d que operan en Oaxaca.<\/p>\n\n\n\n<p>En menos de una semana del mes de febrero se han cometido nueve homicidios dolosos y un saldo preliminar de cinco personas con lesiones dolosos por armas de fuego y golpes, registrados en las diferentes regiones de la entidad.<\/p>\n\n\n\n<p>LOS HECHOS <\/p>\n\n\n\n<p>El m\u00e1s reciente suceso se cometi\u00f3 ayer domingo con un saldo de tres personas muertas, m\u00e1s una mujer agredida.<\/p>\n\n\n\n<p>En el municipio de Santa Mar\u00eda Atzompa,  fue hallado en un domicilio el cuerpo sin vida de un var\u00f3n, con huellas de violencia, mientras que en Santiago Tamazola, regi\u00f3n del Istmo, otro hombre fue asesinada a balazos.<\/p>\n\n\n\n<p>A los hechos violentos de este domingo se sum\u00f3 el de un hombre en Santa Mar\u00eda Mixtequilla, en el Istmo de Tehuantepec, y una mujer fue localizada con golpes en la v\u00eda p\u00fablica en la comunidad de Palomares, municipio de Mat\u00edas Romero Avenda\u00f1o.<\/p>\n\n\n\n<p>Horas antes, el s\u00e1bado, ocurri\u00f3 la masacre contra una familia en San Miguel Soyaltepec, en la regi\u00f3n de la Cuenca, con un saldo de cuatro personas asesinadas, -tres hombres y una mujer- con armas de fuego. <\/p>\n\n\n\n<p>La jornada violenta del segundo mes inici\u00f3 con el registro de cuatro personas lesionadas por arma de fuego en distintos hechos.<\/p>\n\n\n\n<p>En el municipio de Juchit\u00e1n de Zaragoza, se registr\u00f3 un ataque armado en la Segunda Secci\u00f3n, donde dos personas, entre ellas una mujer, resultaron heridas.<\/p>\n\n\n\n<p>En otro hecho, en la carretera federal 190 Oaxaca-Etla, a la altura del crucero de Santiaguito, una mujer fue atacada con la cacha de una pistola por un sujeto que huy\u00f3 de inmediato; fue trasladada a una cl\u00ednica cercana.<\/p>\n\n\n\n<p>Seguido de estos actos, el viernes 3 de febrero en la regi\u00f3n de Valles Centrales se registr\u00f3 en hechos distintos la ejecuci\u00f3n de dos varones con armas de fuego, quienes a su vez presentaron se\u00f1ales de tortura. <\/p>\n\n\n\n<p>Uno de los casos se report\u00f3 en el municipio de Tlalixtac de Cabrera, y el otro en la comunidad Tierra Blanca, del municipio de Santiago Matatl\u00e1n.<\/p>\n\n\n\n<p>HAY DISPUTA DEL CRIMEN<\/p>\n\n\n\n<p>El titular de la Secretar\u00eda de Seguridad y Protecci\u00f3n Ciudadana de Oaxaca, Iv\u00e1n Garc\u00eda \u00c1lvarez, se\u00f1al\u00f3 que en la entidad se mantiene la presencia de grupos delictivos, por lo que el 60 por ciento de los homicidios dolosos registrados en las \u00faltimas semanas est\u00e1n relacionados al reajuste de esos grupos.<\/p>\n\n\n\n<p>Durante la conferencia matutina de este lunes, el secretario presumi\u00f3 de una serie de operativos que realizan en 15 zonas del estado, pero a\u00fan as\u00ed, persisten dichos ajustes de cuentas.<\/p>\n\n\n\n<p>Se\u00f1al\u00f3 que por las colindancias de Oaxaca con otros estados, existe la presencia del C\u00e1rtel Jalisco Nueva Generaci\u00f3n que ingresa de Veracruz; por Guerreros, el grupo de \u201cGuerreros Unidos\u201d y corredores de cristal.<\/p>\n\n\n\n<p>As\u00ed como en otras zonas el C\u00e1rtel de Sinaloa y en Valles Centrales otros grupos internos antag\u00f3nicos que \u201cde alguna forma son liderados por grupos sociales\u201d, precis\u00f3.<\/p>\n\n\n\n<p>Agreg\u00f3 que por el estado de Chiapas, en el tema migratorio han detectado la filtraci\u00f3n de colombianos que crean grupos que operan el \u201cgota a gota\u201d y venezolanos que se han integrado a otros grupos delictivos.<\/p>\n\n\n\n<p>\u201cNuestras colindancias con otros estados es lo que ha hecho que de alguna forma busquen reacomodarse, basar sus corredores de drogas&#8230;los intereses de cada grupo son peleados y ah\u00ed es donde vienen las ejecuciones\u201d, expres\u00f3 el secretario.<\/p>\n","protected":false},"excerpt":{"rendered":"<p>Yuridiana Sosa\/Zona Roja. Oaxaca de Ju\u00e1rez, Oax., a 6 de febrero de 2023.- Los m\u00faltiples&hellip;<\/p>\n","protected":false},"author":2,"featured_media":51348,"comment_status":"closed","ping_status":"open","sticky":false,"template":"","format":"standard","meta":{"_lmt_disableupdate":"","_lmt_disable":"","_jetpack_memberships_contains_paid_content":false,"footnotes":""},"categories":[1,47],"tags":[],"class_list":["post-51342","post","type-post","status-publish","format-standard","has-post-thumbnail","hentry","category-sin-categoria","category-zona-gris"],"jetpack_featured_media_url":"https:\/\/zonaroja.com.mx\/wp-content\/uploads\/2023\/02\/img_2145.jpg","jetpack_sharing_enabled":true,"_links":{"self":[{"href":"https:\/\/zonaroja.com.mx\/index.php?rest_route=\/wp\/v2\/posts\/51342","targetHints":{"allow":["GET"]}}],"collection":[{"href":"https:\/\/zonaroja.com.mx\/index.php?rest_route=\/wp\/v2\/posts"}],"about":[{"href":"https:\/\/zonaroja.com.mx\/index.php?rest_route=\/wp\/v2\/types\/post"}],"author":[{"embeddable":true,"href":"https:\/\/zonaroja.com.mx\/index.php?rest_route=\/wp\/v2\/users\/2"}],"replies":[{"embeddable":true,"href":"https:\/\/zonaroja.com.mx\/index.php?rest_route=%2Fwp%2Fv2%2Fcomments&post=51342"}],"version-history":[{"count":2,"href":"https:\/\/zonaroja.com.mx\/index.php?rest_route=\/wp\/v2\/posts\/51342\/revisions"}],"predecessor-version":[{"id":51349,"href":"https:\/\/zonaroja.com.mx\/index.php?rest_route=\/wp\/v2\/posts\/51342\/revisions\/51349"}],"wp:featuredmedia":[{"embeddable":true,"href":"https:\/\/zonaroja.com.mx\/index.php?rest_route=\/wp\/v2\/media\/51348"}],"wp:attachment":[{"href":"https:\/\/zonaroja.com.mx\/index.php?rest_route=%2Fwp%2Fv2%2Fmedia&parent=51342"}],"wp:term":[{"taxonomy":"category","embeddable":true,"href":"https:\/\/zonaroja.com.mx\/index.php?rest_route=%2Fwp%2Fv2%2Fcategories&post=51342"},{"taxonomy":"post_tag","embeddable":true,"href":"https:\/\/zonaroja.com.mx\/index.php?rest_route=%2Fwp%2Fv2%2Ftags&post=51342"}],"curies":[{"name":"wp","href":"https:\/\/api.w.org\/{rel}","templated":true}]}}