{"id":51356,"date":"2023-02-06T20:26:22","date_gmt":"2023-02-07T02:26:22","guid":{"rendered":"http:\/\/www.zonaroja.com.mx\/?p=51356"},"modified":"2023-02-06T20:26:25","modified_gmt":"2023-02-07T02:26:25","slug":"empleados-sindicalizados-de-notimex-legitiman-su-contrato-de-trabajo","status":"publish","type":"post","link":"https:\/\/zonaroja.com.mx\/?p=51356","title":{"rendered":"Empleados sindicalizados de Notimex legitiman su Contrato de Trabajo"},"content":{"rendered":"\n<p>Redacci\u00f3n\/Zona Roja Cdmx.<\/p>\n\n\n\n<p>Ciudad de M\u00e9xico, a 6 de febrero de 2023.- El Centro Federal de Conciliaci\u00f3n y Registro Laboral otorg\u00f3 la constancia de legitimaci\u00f3n del Contrato Colectivo de Trabajo al Sindicato \u00danico de Trabajadores de Notimex (SutNotimex), con lo que reconoce a la organizaci\u00f3n sindical y su proceso de huelga.<\/p>\n\n\n\n<p>En febrero de 2020 esta agencia de noticias gubernamental inici\u00f3 una huelga en reclamo de mejores condiciones laborales y, a la fecha, el conflicto contin\u00faa sin resoluci\u00f3n.<\/p>\n\n\n\n<p>A trav\u00e9s de un comunicado, el SutNotimex inform\u00f3 que 89% de sus afiliados con derecho a voto aprobaron el Contrato Colectivo de Trabajo desde el pasado 7 de enero. En esa reuni\u00f3n, sostuvo, participaron verificadores laborales y observadores externos para dar legitimidad a la votaci\u00f3n.<\/p>\n\n\n\n<p>\u201cCon este proceso, adem\u00e1s de cumplir con la obligatoriedad establecida para los sindicatos con la reforma laboral, se confirma una vez m\u00e1s la voluntad de las y los trabajadores de la Agencia de Noticias del Estado Mexicano para defender sus derechos laborales\u201d, indic\u00f3 el sindicato en un comunicado.<\/p>\n\n\n\n<p>Adem\u00e1s, reiter\u00f3 su voluntad de di\u00e1logo y conciliaci\u00f3n para encontrar una soluci\u00f3n a la huelga, como solicit\u00f3 el presidente de M\u00e9xico Andr\u00e9s Manuel L\u00f3pez Obrador.<\/p>\n\n\n\n<p>\u201cExhortamos a la direcci\u00f3n de Notimex y a los funcionarios encargados del tema a que muestren voluntad para ello y atendamos la instrucci\u00f3n reiterada del primer mandatario\u201d, subray\u00f3 el sindicato.<\/p>\n\n\n\n<figure class=\"wp-block-embed is-type-rich is-provider-twitter wp-block-embed-twitter\"><div class=\"wp-block-embed__wrapper\">\n<div class=\"twitter-tweet\"><blockquote class=\"twitter-tweet\" data-lang=\"es\"><p lang=\"es\" dir=\"ltr\">\ud83d\udea8 <a href=\"https:\/\/twitter.com\/hashtag\/ULTIMOMINUTO?src=hash&amp;ref_src=twsrc%5Etfw\">#ULTIMOMINUTO<\/a><a href=\"https:\/\/twitter.com\/hashtag\/SutNotimex?src=hash&amp;ref_src=twsrc%5Etfw\">#SutNotimex<\/a> legitima su Contrato Colectivo de Trabajo con una participaci\u00f3n de 89% de afiliados con derecho a voto, quienes en su totalidad votaron a favor. Esto ratifica y fortalece la denfensa de derechos laborales y colectivos que llevan a cabo con la huelga. <a href=\"https:\/\/t.co\/V9Iu7Avb7a\">pic.twitter.com\/V9Iu7Avb7a<\/a><\/p>&mdash; SUTNOTIMEX (@sutnotimex) <a href=\"https:\/\/twitter.com\/sutnotimex\/status\/1622694659800842240?ref_src=twsrc%5Etfw\">6 de febrero de 2023<\/a><\/blockquote><\/div>\n<\/div><\/figure>\n\n\n\n<p>(Informaci\u00f3n de \u201cExpansi\u00f3n Pol\u00edtica\u201d)<\/p>\n","protected":false},"excerpt":{"rendered":"<p>Redacci\u00f3n\/Zona Roja Cdmx. Ciudad de M\u00e9xico, a 6 de febrero de 2023.- El Centro Federal&hellip;<\/p>\n","protected":false},"author":2,"featured_media":51357,"comment_status":"closed","ping_status":"open","sticky":false,"template":"","format":"standard","meta":{"_lmt_disableupdate":"","_lmt_disable":"","_jetpack_memberships_contains_paid_content":false,"footnotes":""},"categories":[109,47],"tags":[3428],"class_list":["post-51356","post","type-post","status-publish","format-standard","has-post-thumbnail","hentry","category-minuto-a-minuto","category-zona-gris","tag-sutnotimex-notimex"],"jetpack_featured_media_url":"https:\/\/zonaroja.com.mx\/wp-content\/uploads\/2023\/02\/Sutnotimex-huelga-Notimex.jpeg","jetpack_sharing_enabled":true,"_links":{"self":[{"href":"https:\/\/zonaroja.com.mx\/index.php?rest_route=\/wp\/v2\/posts\/51356","targetHints":{"allow":["GET"]}}],"collection":[{"href":"https:\/\/zonaroja.com.mx\/index.php?rest_route=\/wp\/v2\/posts"}],"about":[{"href":"https:\/\/zonaroja.com.mx\/index.php?rest_route=\/wp\/v2\/types\/post"}],"author":[{"embeddable":true,"href":"https:\/\/zonaroja.com.mx\/index.php?rest_route=\/wp\/v2\/users\/2"}],"replies":[{"embeddable":true,"href":"https:\/\/zonaroja.com.mx\/index.php?rest_route=%2Fwp%2Fv2%2Fcomments&post=51356"}],"version-history":[{"count":1,"href":"https:\/\/zonaroja.com.mx\/index.php?rest_route=\/wp\/v2\/posts\/51356\/revisions"}],"predecessor-version":[{"id":51358,"href":"https:\/\/zonaroja.com.mx\/index.php?rest_route=\/wp\/v2\/posts\/51356\/revisions\/51358"}],"wp:featuredmedia":[{"embeddable":true,"href":"https:\/\/zonaroja.com.mx\/index.php?rest_route=\/wp\/v2\/media\/51357"}],"wp:attachment":[{"href":"https:\/\/zonaroja.com.mx\/index.php?rest_route=%2Fwp%2Fv2%2Fmedia&parent=51356"}],"wp:term":[{"taxonomy":"category","embeddable":true,"href":"https:\/\/zonaroja.com.mx\/index.php?rest_route=%2Fwp%2Fv2%2Fcategories&post=51356"},{"taxonomy":"post_tag","embeddable":true,"href":"https:\/\/zonaroja.com.mx\/index.php?rest_route=%2Fwp%2Fv2%2Ftags&post=51356"}],"curies":[{"name":"wp","href":"https:\/\/api.w.org\/{rel}","templated":true}]}}