{"id":51362,"date":"2023-02-06T21:26:27","date_gmt":"2023-02-07T03:26:27","guid":{"rendered":"http:\/\/www.zonaroja.com.mx\/?p=51362"},"modified":"2023-02-06T21:26:30","modified_gmt":"2023-02-07T03:26:30","slug":"instalan-en-oaxaca-consejo-consultivo-ciudadano-de-las-infraestructuras","status":"publish","type":"post","link":"https:\/\/zonaroja.com.mx\/?p=51362","title":{"rendered":"Instalan en Oaxaca Consejo Consultivo Ciudadano de las Infraestructuras"},"content":{"rendered":"\n<p>&nbsp;Redacci\u00f3n\/Zona Roja.<\/p>\n\n\n\n<p>Oaxaca de Ju\u00e1rez, Oax., a 6 de febrero de 2023.- Con el fin de mejorar y fortalecer el trabajo colectivo en la ejecuci\u00f3n de obra en los 570 municipios de la entidad, promoviendo y garantizando, la participaci\u00f3n social y comunitaria, este d\u00eda se instal\u00f3 en Oaxaca el Consejo Consultivo Ciudadano de las Infraestructuras (Cococinfra).<\/p>\n\n\n\n<p>Con este \u00f3rgano auxiliar de consulta y apoyo, que preside el titular del Poder Ejecutivo, Salom\u00f3n Jara Cruz, se da cumplimiento a los ejes estrat\u00e9gicos que promueve el gobierno de Oaxaca para materializar el Pacto Social para Vivir en Paz, la Reparaci\u00f3n Hist\u00f3rica de los Pueblos a trav\u00e9s de Pol\u00edticas de Bienestar Transformador, y la Construcci\u00f3n de las Bases para el Desarrollo Integral y Sustentable de las ocho regiones.<\/p>\n\n\n\n<p>Est\u00e1 conformado por profesionales de las \u00e1reas de arquitectura, ingenier\u00eda, urbanismo e integrantes de la sociedad civil comprometidos con el desarrollo de la entidad y que tendr\u00e1 una participaci\u00f3n fundamental en el dise\u00f1o y aprovechamiento de las oportunidades generadas por el proyecto del Corredor Interoce\u00e1nico.<\/p>\n\n\n\n<p>As\u00ed como aquellas obras prioritarias que se buscan impulsar en la administraci\u00f3n para transformar a la entidad partiendo de las relacionadas con los servicios b\u00e1sicos estrat\u00e9gicos y esenciales como agua, comunicaciones, energ\u00eda, transporte, industria y comercio.<\/p>\n\n\n\n<p>\u201cCon la instalaci\u00f3n de este Consejo, vamos a darle la importancia que requiere la planeaci\u00f3n y la construcci\u00f3n de obras de car\u00e1cter social y productivo. Oaxaca requiere con urgencia m\u00e1s y mejores instalaciones en materia de salud, vivienda y educaci\u00f3n\u201d, dijo el gobernador Salom\u00f3n Jara Cruz.<\/p>\n\n\n\n<p>Asimismo, de acuerdo con un comunicado de prensa, convoc\u00f3 a este \u00f3rgano a emprender acciones espec\u00edficas que permitan detonar la inversi\u00f3n, el empleo y la competitividad, partiendo de una pol\u00edtica p\u00fablica e integral en materia de infraestructura.<\/p>\n\n\n\n<figure class=\"wp-block-embed is-type-rich is-provider-twitter wp-block-embed-twitter\"><div class=\"wp-block-embed__wrapper\">\n<div class=\"twitter-tweet\"><blockquote class=\"twitter-tweet\" data-lang=\"es\"><p lang=\"es\" dir=\"ltr\">Este Consejo se caracteriza por la participaci\u00f3n de la ciudadan\u00eda y con ello se fortalece la ejecuci\u00f3n de obras de infraestructura en beneficio de la entidad.<br><br>Somos <a href=\"https:\/\/twitter.com\/hashtag\/UnPuebloTransformandoSuHistoria?src=hash&amp;ref_src=twsrc%5Etfw\">#UnPuebloTransformandoSuHistoria<\/a><\/p>&mdash; SINFRA Oaxaca (@SINFRA_GobOax) <a href=\"https:\/\/twitter.com\/SINFRA_GobOax\/status\/1622780400606011392?ref_src=twsrc%5Etfw\">7 de febrero de 2023<\/a><\/blockquote><\/div>\n<\/div><\/figure>\n\n\n\n<p>LA CONFORMACI\u00d3N<\/p>\n\n\n\n<p>El Consejo Consultivo estar\u00e1 conformado por funcionarias y funcionarios de las secretar\u00edas y dependencias ejecutoras de obra p\u00fablica, c\u00e1maras, asociaciones, colegios y universidades que representar\u00e1n el brazo t\u00e9cnico de la sociedad para opinar sobre lo relativo a las infraestructuras b\u00e1sicas (camino, energ\u00eda y agua); social (vivienda, educaci\u00f3n y salud); productiva (industria, comercio, seguridad), que requiere el estado de Oaxaca.<\/p>\n\n\n\n<p>En su oportunidad, el titular de la Secretar\u00eda de Infraestructuras y Comunicaciones, Netzahualc\u00f3yotl Salvatierra L\u00f3pez expres\u00f3 que la participaci\u00f3n amplia de todos los sectores ser\u00e1 crucial en la presentaci\u00f3n de propuestas de pol\u00edtica p\u00fablica, proyectos, reformas de ley; as\u00ed como el intercambio de experiencias innovadoras y comentarios que garanticen la consolidaci\u00f3n del Nuevo Pacto Social.<\/p>\n\n\n\n<p>De esta manera, el tambi\u00e9n Secretario T\u00e9cnico, expres\u00f3 que una de las tareas de este Consejo Consultivo ser\u00e1 contribuir en la construcci\u00f3n del Plan Estatal de Desarrollo 2022-2028, a trav\u00e9s del Foro Tem\u00e1tico de las Infraestructuras que se desarrollar\u00e1 el 15 de febrero pr\u00f3ximo.<\/p>\n\n\n\n<p>Asever\u00f3 que, la activa participaci\u00f3n de este \u00f3rgano contribuir\u00e1 a detonar el desarrollo mediante la generaci\u00f3n de obra p\u00fablica en las ocho regiones con equilibrio, lo que contribuir\u00e1 a abatir la desigualdad e impulsar la interculturalidad; obedeciendo el mandato del pueblo, priorizando el di\u00e1logo<\/p>\n\n\n\n<p>En este marco, representantes de las c\u00e1maras, asociaciones, colegios y universidades, agradecieron la invitaci\u00f3n para formar parte del organismo ciudadano que busca ser un espacio de di\u00e1logo entre sociedad y gobierno, y generar la transformaci\u00f3n en el sector de las infraestructuras.<\/p>\n","protected":false},"excerpt":{"rendered":"<p>&nbsp;Redacci\u00f3n\/Zona Roja. Oaxaca de Ju\u00e1rez, Oax., a 6 de febrero de 2023.- Con el fin&hellip;<\/p>\n","protected":false},"author":2,"featured_media":51363,"comment_status":"closed","ping_status":"open","sticky":false,"template":"","format":"standard","meta":{"_lmt_disableupdate":"","_lmt_disable":"","_jetpack_memberships_contains_paid_content":false,"footnotes":""},"categories":[109,46],"tags":[3398,3385],"class_list":["post-51362","post","type-post","status-publish","format-standard","has-post-thumbnail","hentry","category-minuto-a-minuto","category-zona-blanca","tag-netzahualcoyotl-salvatierra-lopez","tag-secretaria-de-infraestructura-y-comunicaciones-sinfra"],"jetpack_featured_media_url":"https:\/\/zonaroja.com.mx\/wp-content\/uploads\/2023\/02\/Consejo-Consultivo-Sinfra-gobierno.jpeg","jetpack_sharing_enabled":true,"_links":{"self":[{"href":"https:\/\/zonaroja.com.mx\/index.php?rest_route=\/wp\/v2\/posts\/51362","targetHints":{"allow":["GET"]}}],"collection":[{"href":"https:\/\/zonaroja.com.mx\/index.php?rest_route=\/wp\/v2\/posts"}],"about":[{"href":"https:\/\/zonaroja.com.mx\/index.php?rest_route=\/wp\/v2\/types\/post"}],"author":[{"embeddable":true,"href":"https:\/\/zonaroja.com.mx\/index.php?rest_route=\/wp\/v2\/users\/2"}],"replies":[{"embeddable":true,"href":"https:\/\/zonaroja.com.mx\/index.php?rest_route=%2Fwp%2Fv2%2Fcomments&post=51362"}],"version-history":[{"count":1,"href":"https:\/\/zonaroja.com.mx\/index.php?rest_route=\/wp\/v2\/posts\/51362\/revisions"}],"predecessor-version":[{"id":51364,"href":"https:\/\/zonaroja.com.mx\/index.php?rest_route=\/wp\/v2\/posts\/51362\/revisions\/51364"}],"wp:featuredmedia":[{"embeddable":true,"href":"https:\/\/zonaroja.com.mx\/index.php?rest_route=\/wp\/v2\/media\/51363"}],"wp:attachment":[{"href":"https:\/\/zonaroja.com.mx\/index.php?rest_route=%2Fwp%2Fv2%2Fmedia&parent=51362"}],"wp:term":[{"taxonomy":"category","embeddable":true,"href":"https:\/\/zonaroja.com.mx\/index.php?rest_route=%2Fwp%2Fv2%2Fcategories&post=51362"},{"taxonomy":"post_tag","embeddable":true,"href":"https:\/\/zonaroja.com.mx\/index.php?rest_route=%2Fwp%2Fv2%2Ftags&post=51362"}],"curies":[{"name":"wp","href":"https:\/\/api.w.org\/{rel}","templated":true}]}}