{"id":51369,"date":"2023-02-07T09:57:00","date_gmt":"2023-02-07T15:57:00","guid":{"rendered":"http:\/\/www.zonaroja.com.mx\/?p=51369"},"modified":"2023-02-07T07:06:56","modified_gmt":"2023-02-07T13:06:56","slug":"vientos-regionales-la-filarmonica-de-ninos-y-jovenes-que-nacio-de-la-pandemia","status":"publish","type":"post","link":"https:\/\/zonaroja.com.mx\/?p=51369","title":{"rendered":"\u201cVientos Regionales\u201d, la filarm\u00f3nica de ni\u00f1os y j\u00f3venes que naci\u00f3 de la pandemia"},"content":{"rendered":"\n<p>Yuridiana Sosa\/Zona Roja.<\/p>\n\n\n\n<p>Oaxaca de Ju\u00e1rez, Oax., a 7 de febrero de 2023.- A su corta edad de existencia, pero con maestr\u00eda ejecutora de sus m\u00fasicos, en algunos casos de solo 10 a\u00f1os de edad, la Banda Filarm\u00f3nica \u201cVientos Regionales\u201d ha logrado conquistar diversos escenarios en Oaxaca.<\/p>\n\n\n\n<p>Esta banda surgi\u00f3 a ra\u00edz de la pandemia de Covid-19 y en menos de dos a\u00f1os ha logrado participar en diversas actividades culturales de relevancia para la ciudad.<\/p>\n\n\n\n<p>La esencia principal del proyecto es rescatar la m\u00fasica tradicional de los pueblos ind\u00edgenas, as\u00ed como fomentar esta misma cultura musical a ni\u00f1os y j\u00f3venes radicados en la ciudad de Oaxaca pero originarios o con descendencia de alguna comunidad ind\u00edgena, adem\u00e1s de ejecutar melod\u00edas de compositores nativos.<\/p>\n\n\n\n<p>Los menores, algunos de Ixtl\u00e1n de Ju\u00e1rez, Villa Alta y la Sierra Mixe, son capaces de interpretar sones, boleros, chilenas, fandangos, sones y jarabes de manera impecable, que quien s\u00f3lo los escucha podr\u00eda apostar que se trata de adultos profesionales.<\/p>\n\n\n\n<p>\u201cVientos Regionales\u201d es m\u00e1s que una banda, es una escuela de formaci\u00f3n e iniciaci\u00f3n musical que actualmente cuenta 43 alumnos, desde la etapa de iniciaci\u00f3n, hasta llegar a la agrupaci\u00f3n principal, quienes tienen sus instalaciones en la colonia Volcanes, al norte de la ciudad capital.<\/p>\n\n\n\n<p>Una de las responsables del proyecto, Edna Morales, reconoce el esfuerzo de los peque\u00f1os que han logrado superar la adversidad de los tiempos de pandemia, en la que se vivieron jornadas en l\u00ednea que llev\u00f3 a varios a darse de baja.<\/p>\n\n\n\n<p>Al paso de los meses, dijo, cada esfuerzo ha valido la pena al ver y escuchar ejecutar \u201csolos\u201d musicales a quienes iniciaron en el proyecto desde la primera etapa hace un par de a\u00f1os, bajo la direcci\u00f3n de Froyl\u00e1n Bautista; adem\u00e1s de Jovanhy M\u00e9ndez.<\/p>\n\n\n\n<p>Durante el concierto de este domingo en el z\u00f3calo de la ciudad de Oaxaca, los ni\u00f1os y j\u00f3venes interpretaron la composici\u00f3n \u201cCuerno chueco\u201d, un pasodoble del compositor oaxaque\u00f1o Julio Alejandro Huantes Teodocio, originario de San Melchor Betaza, quien dirigi\u00f3 la pieza musical.<\/p>\n\n\n\n<figure class=\"wp-block-embed is-type-rich is-provider-twitter wp-block-embed-twitter\"><div class=\"wp-block-embed__wrapper\">\n<div class=\"twitter-tweet\"><blockquote class=\"twitter-tweet\" data-lang=\"es\"><p lang=\"es\" dir=\"ltr\">Otra magistral ejecuci\u00f3n de la Banda Filarm\u00f3nica \u201cVientos Regionales\u201d.<br>\u201cCuerno chueco\u201d, un paso doble del compositor oaxaque\u00f1o Julio Alejandro Huantes, originario de San Melchor Betaza, quien tambi\u00e9n dirigi\u00f3 la pieza. \u00a1Del\u00e9itese! <a href=\"https:\/\/t.co\/xaSONVhAWw\">pic.twitter.com\/xaSONVhAWw<\/a><\/p>&mdash; Zona Roja Oaxaca (@ZonaRoja_Oaxaca) <a href=\"https:\/\/twitter.com\/ZonaRoja_Oaxaca\/status\/1622434218163970049?ref_src=twsrc%5Etfw\">6 de febrero de 2023<\/a><\/blockquote><\/div>\n<\/div><\/figure>\n\n\n\n<p>Hasta hace unos meses Huantes Teodocio era parte de este proyecto, pero recientemente fue nombrado director titular de la Banda del Estado de Oaxaca.<\/p>\n\n\n\n<p>El director de la banda est\u00e1 a cargo del maestro del Tromb\u00f3n y Bar\u00edtono, Froy Bautista, m\u00fasico que interpreta tambi\u00e9n con la agrupaci\u00f3n mixteca, de talla internacional, \u201cPasatono\u201d.<\/p>\n\n\n\n<p>OTROS MOMENTOS<\/p>\n\n\n\n<p>El a\u00f1o 2022 fue un ciclo importante para las presentaciones de \u201cVientos Regionales\u201d, quienes lograron realizar \u201cMagno Concierto Navide\u00f1o\u201d para cerrar ese a\u00f1o. &nbsp;<\/p>\n\n\n\n<p>As\u00ed tambi\u00e9n ofreci\u00f3 en la capital el concierto de D\u00eda de Muertos \u00abM\u00fasica para honrar las almas\u00bb; tambi\u00e9n estuvo en la D\u00e9cima Feria del Libro Infantil y Juvenil 2022, en la Alameda de Le\u00f3n y en el 22 aniversario de la Escuela Normal Biling\u00fce e Intercultural de Oaxaca.<\/p>\n\n\n\n<p>Pero el proyecto no ha pasado desapercibido para otros m\u00fasicos de talla internacional, pues la banda ha contado con la visita de maestros de Colombia y Estados Unidos.<\/p>\n\n\n\n<p>El esfuerzo de \u201cVientos Regionales\u201d tambi\u00e9n ha sido reconocido por las instituciones, pues recientemente la directiva se reuni\u00f3 con el equipo de la Secretar\u00eda de Arte y Cultura, para la coordinaci\u00f3n y log\u00edstica del Primer Festival Infantil de Lenguas Maternas, en colaboraci\u00f3n con el Museo Infantil de Oaxaca, MIO y la orquesta infantil y juvenil Biin Ni Cayun Guiaa.<\/p>\n\n\n\n<p>Por su trabajo tambi\u00e9n fue beneficiario del proyecto \u00abPreservaci\u00f3n de m\u00fasica de los pueblos originarios de tres regiones del estado de Oaxaca\u00bb, con la dotaci\u00f3n de instrumentos por parte del Instituto Nacional de los Pueblos Ind\u00edgenas y el municipio de Oaxaca de Ju\u00e1rez.&nbsp;<\/p>\n","protected":false},"excerpt":{"rendered":"<p>Yuridiana Sosa\/Zona Roja. Oaxaca de Ju\u00e1rez, Oax., a 7 de febrero de 2023.- A su&hellip;<\/p>\n","protected":false},"author":2,"featured_media":51371,"comment_status":"closed","ping_status":"open","sticky":false,"template":"","format":"standard","meta":{"_lmt_disableupdate":"","_lmt_disable":"","_jetpack_memberships_contains_paid_content":false,"footnotes":""},"categories":[109,46],"tags":[3429],"class_list":["post-51369","post","type-post","status-publish","format-standard","has-post-thumbnail","hentry","category-minuto-a-minuto","category-zona-blanca","tag-filarmonica-vientos-regionales"],"jetpack_featured_media_url":"https:\/\/zonaroja.com.mx\/wp-content\/uploads\/2023\/02\/Banda-Regional-Vientos-Regionales-musica-Oaxaca.jpg","jetpack_sharing_enabled":true,"_links":{"self":[{"href":"https:\/\/zonaroja.com.mx\/index.php?rest_route=\/wp\/v2\/posts\/51369","targetHints":{"allow":["GET"]}}],"collection":[{"href":"https:\/\/zonaroja.com.mx\/index.php?rest_route=\/wp\/v2\/posts"}],"about":[{"href":"https:\/\/zonaroja.com.mx\/index.php?rest_route=\/wp\/v2\/types\/post"}],"author":[{"embeddable":true,"href":"https:\/\/zonaroja.com.mx\/index.php?rest_route=\/wp\/v2\/users\/2"}],"replies":[{"embeddable":true,"href":"https:\/\/zonaroja.com.mx\/index.php?rest_route=%2Fwp%2Fv2%2Fcomments&post=51369"}],"version-history":[{"count":1,"href":"https:\/\/zonaroja.com.mx\/index.php?rest_route=\/wp\/v2\/posts\/51369\/revisions"}],"predecessor-version":[{"id":51372,"href":"https:\/\/zonaroja.com.mx\/index.php?rest_route=\/wp\/v2\/posts\/51369\/revisions\/51372"}],"wp:featuredmedia":[{"embeddable":true,"href":"https:\/\/zonaroja.com.mx\/index.php?rest_route=\/wp\/v2\/media\/51371"}],"wp:attachment":[{"href":"https:\/\/zonaroja.com.mx\/index.php?rest_route=%2Fwp%2Fv2%2Fmedia&parent=51369"}],"wp:term":[{"taxonomy":"category","embeddable":true,"href":"https:\/\/zonaroja.com.mx\/index.php?rest_route=%2Fwp%2Fv2%2Fcategories&post=51369"},{"taxonomy":"post_tag","embeddable":true,"href":"https:\/\/zonaroja.com.mx\/index.php?rest_route=%2Fwp%2Fv2%2Ftags&post=51369"}],"curies":[{"name":"wp","href":"https:\/\/api.w.org\/{rel}","templated":true}]}}