{"id":51377,"date":"2023-02-07T08:13:00","date_gmt":"2023-02-07T14:13:00","guid":{"rendered":"http:\/\/www.zonaroja.com.mx\/?p=51377"},"modified":"2023-02-07T08:51:14","modified_gmt":"2023-02-07T14:51:14","slug":"hallan-restos-humanos-en","status":"publish","type":"post","link":"https:\/\/zonaroja.com.mx\/?p=51377","title":{"rendered":"Hallan restos humanos en jurisdicci\u00f3n de San Jacinto Amilpas, Oaxaca"},"content":{"rendered":"\n<p>Redacci\u00f3n\/Zona Roja.<\/p>\n\n\n\n<p>Oaxaca de Ju\u00e1rez, Oax., a 7 de febrero de 2023.- El cuerpo en estado de descomposici\u00f3n de una persona fue localizado la tarde de ayer a la altura de la colonia Heberto Castillo, jurisdicci\u00f3n de San Jacinto Amilpas.<\/p>\n\n\n\n<p>El hallazgo ocurri\u00f3 sobre las riberas del r\u00edo \u201cAtoyac\u201d, en los l\u00edmites con la ciudad de Oaxaca y hasta el momento se desconoce la identidad.<\/p>\n\n\n\n<p>Personal policiaco estatal y municipal arrib\u00f3 al lugar para resguardar la escena, mientras que peritos y agentes de la Fiscal\u00eda General del Estado efectuaron las diligencias.<\/p>\n\n\n\n<p>Tras ello los restos, en su mayor\u00eda \u00f3seos, fueron trasladados al Instituto de Servicios Periciales, con la finalidad de que se realicen las pruebas de laboratorio correspondientes para tratar de dar con la identidad de la v\u00edctima.<\/p>\n","protected":false},"excerpt":{"rendered":"<p>Redacci\u00f3n\/Zona Roja. Oaxaca de Ju\u00e1rez, Oax., a 7 de febrero de 2023.- El cuerpo en&hellip;<\/p>\n","protected":false},"author":2,"featured_media":44226,"comment_status":"closed","ping_status":"open","sticky":false,"template":"","format":"standard","meta":{"_lmt_disableupdate":"","_lmt_disable":"","_jetpack_memberships_contains_paid_content":false,"footnotes":""},"categories":[109,51],"tags":[],"class_list":["post-51377","post","type-post","status-publish","format-standard","has-post-thumbnail","hentry","category-minuto-a-minuto","category-zona-roja"],"jetpack_featured_media_url":"https:\/\/zonaroja.com.mx\/wp-content\/uploads\/2022\/08\/Policias-sirenas-inseguridad-violencia-escena-crimen.png","jetpack_sharing_enabled":true,"_links":{"self":[{"href":"https:\/\/zonaroja.com.mx\/index.php?rest_route=\/wp\/v2\/posts\/51377","targetHints":{"allow":["GET"]}}],"collection":[{"href":"https:\/\/zonaroja.com.mx\/index.php?rest_route=\/wp\/v2\/posts"}],"about":[{"href":"https:\/\/zonaroja.com.mx\/index.php?rest_route=\/wp\/v2\/types\/post"}],"author":[{"embeddable":true,"href":"https:\/\/zonaroja.com.mx\/index.php?rest_route=\/wp\/v2\/users\/2"}],"replies":[{"embeddable":true,"href":"https:\/\/zonaroja.com.mx\/index.php?rest_route=%2Fwp%2Fv2%2Fcomments&post=51377"}],"version-history":[{"count":3,"href":"https:\/\/zonaroja.com.mx\/index.php?rest_route=\/wp\/v2\/posts\/51377\/revisions"}],"predecessor-version":[{"id":51384,"href":"https:\/\/zonaroja.com.mx\/index.php?rest_route=\/wp\/v2\/posts\/51377\/revisions\/51384"}],"wp:featuredmedia":[{"embeddable":true,"href":"https:\/\/zonaroja.com.mx\/index.php?rest_route=\/wp\/v2\/media\/44226"}],"wp:attachment":[{"href":"https:\/\/zonaroja.com.mx\/index.php?rest_route=%2Fwp%2Fv2%2Fmedia&parent=51377"}],"wp:term":[{"taxonomy":"category","embeddable":true,"href":"https:\/\/zonaroja.com.mx\/index.php?rest_route=%2Fwp%2Fv2%2Fcategories&post=51377"},{"taxonomy":"post_tag","embeddable":true,"href":"https:\/\/zonaroja.com.mx\/index.php?rest_route=%2Fwp%2Fv2%2Ftags&post=51377"}],"curies":[{"name":"wp","href":"https:\/\/api.w.org\/{rel}","templated":true}]}}