{"id":51379,"date":"2023-02-07T13:21:00","date_gmt":"2023-02-07T19:21:00","guid":{"rendered":"http:\/\/www.zonaroja.com.mx\/?p=51379"},"modified":"2023-02-07T15:27:37","modified_gmt":"2023-02-07T21:27:37","slug":"pend1-19","status":"publish","type":"post","link":"https:\/\/zonaroja.com.mx\/?p=51379","title":{"rendered":"Secuestran a migrante salvadore\u00f1o en el Istmo; lo rescatan y detienen a uno"},"content":{"rendered":"\n<p>Redacci\u00f3n\/Zona Roja.&nbsp;<\/p>\n\n\n\n<p>Oaxaca de Ju\u00e1rez, Oax., 7 de febrero de 2023.- La Fiscal\u00eda General del Estado de Oaxaca (FGEO) rescat\u00f3 con vida a una persona migrante, quien se encontraba secuestrada en la regi\u00f3n del Istmo de Tehuantepec, y detuvo a una persona por la probable participaci\u00f3n en dicho delito.<\/p>\n\n\n\n<p>De acuerdo a la carpeta de investigaci\u00f3n correspondiente, la v\u00edctima es un hombre originario de El Salvador, quien fue secuestrado durante su paso por Ciudad Ixtepec. <\/p>\n\n\n\n<p>Un acompa\u00f1ante de la v\u00edctima fue quien realiz\u00f3 la denuncia, por lo que las autoridades dieron intervenci\u00f3n a la FGEO, la cual activ\u00f3 a la Unidad Especializada en Combate al Secuestro (UECS) de la Fiscal\u00eda Especializada para la Atenci\u00f3n a Delitos de Alto Impacto.<\/p>\n\n\n\n<p>Tras realizar las investigaciones correspondientes, se logr\u00f3 ubicar a la v\u00edctima y detener a una persona identificada bajo las iniciales J. F. N. M., quien ped\u00eda dinero en efectivo a cambio de dejar en libertad a la persona migrante.<\/p>\n\n\n\n<p>Cabe destacar que, en el plazo que contempla la ley, se resolver\u00e1 la situaci\u00f3n jur\u00eddica de la persona imputada.<\/p>\n\n\n\n<p>En delitos de alto impacto como el secuestro, la FGEO cuenta con unidades especializadas para la investigaci\u00f3n de los casos, por lo que, la denuncia es el primer paso para que la justicia llegue a las v\u00edctimas.<\/p>\n","protected":false},"excerpt":{"rendered":"<p>Redacci\u00f3n\/Zona Roja.&nbsp; Oaxaca de Ju\u00e1rez, Oax., 7 de febrero de 2023.- La Fiscal\u00eda General del&hellip;<\/p>\n","protected":false},"author":2,"featured_media":43405,"comment_status":"closed","ping_status":"open","sticky":false,"template":"","format":"standard","meta":{"_lmt_disableupdate":"","_lmt_disable":"","_jetpack_memberships_contains_paid_content":false,"footnotes":""},"categories":[109,47],"tags":[],"class_list":["post-51379","post","type-post","status-publish","format-standard","has-post-thumbnail","hentry","category-minuto-a-minuto","category-zona-gris"],"jetpack_featured_media_url":"https:\/\/zonaroja.com.mx\/wp-content\/uploads\/2022\/07\/Secuestro-menores-de-edad-ninos-1.jpeg","jetpack_sharing_enabled":true,"_links":{"self":[{"href":"https:\/\/zonaroja.com.mx\/index.php?rest_route=\/wp\/v2\/posts\/51379","targetHints":{"allow":["GET"]}}],"collection":[{"href":"https:\/\/zonaroja.com.mx\/index.php?rest_route=\/wp\/v2\/posts"}],"about":[{"href":"https:\/\/zonaroja.com.mx\/index.php?rest_route=\/wp\/v2\/types\/post"}],"author":[{"embeddable":true,"href":"https:\/\/zonaroja.com.mx\/index.php?rest_route=\/wp\/v2\/users\/2"}],"replies":[{"embeddable":true,"href":"https:\/\/zonaroja.com.mx\/index.php?rest_route=%2Fwp%2Fv2%2Fcomments&post=51379"}],"version-history":[{"count":2,"href":"https:\/\/zonaroja.com.mx\/index.php?rest_route=\/wp\/v2\/posts\/51379\/revisions"}],"predecessor-version":[{"id":51385,"href":"https:\/\/zonaroja.com.mx\/index.php?rest_route=\/wp\/v2\/posts\/51379\/revisions\/51385"}],"wp:featuredmedia":[{"embeddable":true,"href":"https:\/\/zonaroja.com.mx\/index.php?rest_route=\/wp\/v2\/media\/43405"}],"wp:attachment":[{"href":"https:\/\/zonaroja.com.mx\/index.php?rest_route=%2Fwp%2Fv2%2Fmedia&parent=51379"}],"wp:term":[{"taxonomy":"category","embeddable":true,"href":"https:\/\/zonaroja.com.mx\/index.php?rest_route=%2Fwp%2Fv2%2Fcategories&post=51379"},{"taxonomy":"post_tag","embeddable":true,"href":"https:\/\/zonaroja.com.mx\/index.php?rest_route=%2Fwp%2Fv2%2Ftags&post=51379"}],"curies":[{"name":"wp","href":"https:\/\/api.w.org\/{rel}","templated":true}]}}