{"id":51386,"date":"2023-02-07T17:29:29","date_gmt":"2023-02-07T23:29:29","guid":{"rendered":"http:\/\/www.zonaroja.com.mx\/?p=51386"},"modified":"2023-02-07T17:29:32","modified_gmt":"2023-02-07T23:29:32","slug":"falla-politica-interna-y-le-protesta-cipo-a-gobernador-al-reinaugurar-libreria","status":"publish","type":"post","link":"https:\/\/zonaroja.com.mx\/?p=51386","title":{"rendered":"Falla pol\u00edtica interna y le protesta CIPO a gobernador al reinaugurar librer\u00eda"},"content":{"rendered":"\n<p>Yuridiana Sosa\/Zona Roja.<\/p>\n\n\n\n<p>Oaxaca de Ju\u00e1rez, Oax., a 7 de febrero de 2023.- La pol\u00edtica interna del gobierno de Oaxaca falla de nuevo. Una organizaci\u00f3n social estuvo a punto de boicotear un acto del gobernador Salom\u00f3n Jara en pleno Centro Hist\u00f3rico de la capital.<\/p>\n\n\n\n<p>Con un breve acto ante la protesta del Consejo Ind\u00edgena Popular de Oaxaca (CIPO), el mandatario rinaugur\u00f3 este martes la librer\u00eda Educal \u201cRicardo Flores Mag\u00f3n\u201d, nombre que fue motivo de la movilizaci\u00f3n, de la que huy\u00f3 el mandatario Jara Cruz.<\/p>\n\n\n\n<p>Tras varios a\u00f1os cerrada, la librer\u00eda ubicada en el edificio que alberga el teatro \u201cMacedonio Alcal\u00e1\u201d fue reabierta por las Secretar\u00edas de las Culturas de Oaxaca, acto al que asisti\u00f3 el escritor y director del Fondo de Cultura Econ\u00f3mica (FCE), Paco Ignacio Taibo II.<\/p>\n\n\n\n<p>El acto inaugural se vio empa\u00f1ado por la presencia repentina pero escandalosa de la organizaci\u00f3n CIPO \u201cRicardo Flores Mag\u00f3n\u201d, que inici\u00f3 su mitin al costado del acceso a la librer\u00eda, sobre la avenida Independencia.<\/p>\n\n\n\n<p>El gobernador pr\u00e1cticamente corri\u00f3 de la protesta, contrario a Paco Ignacio Taibo II que sali\u00f3 para conocer los motivos y argumentos de los inconformes por ponerle el nombre del activista, periodista y pol\u00edtico de la Revoluci\u00f3n Mexicana a la librer\u00eda<\/p>\n\n\n\n<p>QUE LA CHINGADA<\/p>\n\n\n\n<p>Ante el reducido grupo, -con mantas de consignas, un micr\u00f3fono y algunos cubiertos del rostro con gorra, lentes y cubre bocas- el pol\u00e9mico escritor mexicano se encar\u00f3.<\/p>\n\n\n\n<p>-El d\u00eda que yo no puedo discutir en p\u00fablico, en la calle me jubilo chinga\u00b4o, expres\u00f3 Paco Ignacio ante la intenci\u00f3n de una mujer por defenderlo de los inconformes.<\/p>\n\n\n\n<p>-La bronca no es contigo, se\u00f1al\u00f3 Miguel Cruz, l\u00edder del CIPO.<\/p>\n\n\n\n<p>Seguido de eso, Paco Ignacio Taibo II sostuvo un di\u00e1logo con uno de los presentes que ni siquiera se dej\u00f3 ver el rostro.<\/p>\n\n\n\n<p>&#8211; Respetar el papel hist\u00f3rico que le toca, apunt\u00f3 el manifestante.<\/p>\n\n\n\n<p>-Esa es tu versi\u00f3n, en la m\u00eda, respetar mano, es ponerle su nombre a una librer\u00eda, difundir y divulgar.<\/p>\n\n\n\n<p>-Pero mientras hay presos en su pueblo por este tipo de sistema, por este tipo de gobierno\u2026<\/p>\n\n\n\n<p>&#8211; \u00a1Ah Ching\u00e1! -expres\u00f3 el director del Fondo de Cultura.<\/p>\n\n\n\n<p>Ante una pl\u00e1tica que parec\u00eda no tener fin, ni motivo, otra vez entre los asistentes sugiri\u00f3 a Paco Ignacio Taibo II no perder el tiempo.<\/p>\n\n\n\n<figure class=\"wp-block-embed is-type-rich is-provider-twitter wp-block-embed-twitter\"><div class=\"wp-block-embed__wrapper\">\n<div class=\"twitter-tweet\"><blockquote class=\"twitter-tweet\" data-lang=\"es\"><p lang=\"es\" dir=\"ltr\"><a href=\"https:\/\/twitter.com\/hashtag\/%C3%9AltimoMinuto?src=hash&amp;ref_src=twsrc%5Etfw\">#\u00daltimoMinuto<\/a><br>M\u00e1s fallas de la <a href=\"https:\/\/twitter.com\/SEGO_Oax?ref_src=twsrc%5Etfw\">@SEGO_Oax<\/a> que preside <a href=\"https:\/\/twitter.com\/jesusromerooax?ref_src=twsrc%5Etfw\">@jesusromerooax<\/a>:<br>Entre protestas, el gobernador <a href=\"https:\/\/twitter.com\/salomonj?ref_src=twsrc%5Etfw\">@salomonj<\/a> inaugura la librer\u00eda Educal del Fondo de Cultura Econ\u00f3mico, en el centro de la ciudad de <a href=\"https:\/\/twitter.com\/hashtag\/Oaxaca?src=hash&amp;ref_src=twsrc%5Etfw\">#Oaxaca<\/a>. <br>El CIPO recrimin\u00f3 el uso del nombre de Ricardo Flores Mag\u00f3n. <a href=\"https:\/\/t.co\/lUGnOqSv1g\">pic.twitter.com\/lUGnOqSv1g<\/a><\/p>&mdash; Zona Roja Oaxaca (@ZonaRoja_Oaxaca) <a href=\"https:\/\/twitter.com\/ZonaRoja_Oaxaca\/status\/1623021883300913154?ref_src=twsrc%5Etfw\">7 de febrero de 2023<\/a><\/blockquote><\/div>\n<\/div><\/figure>\n\n\n\n<p>-No pierdo el tiempo es que es muy sectario este, respondi\u00f3 Taibo II.<\/p>\n\n\n\n<p>-\u00bfEntonces todos los que no estamos a favor de la 4T vamos a ser sectarios?<\/p>\n\n\n\n<p>-\u00a1No que va! Hay algunos inteligentes. Yo dir\u00eda que en la 4T hay mucho sectario y mucho muy poco de la 4T. Si me preguntan, se los contesto, lo digo p\u00fablicamente, bueno, los dejo para otro d\u00eda.<\/p>\n\n\n\n<p>Al regresar el tema de la protesta, Ignacio Taibo II agreg\u00f3:<\/p>\n\n\n\n<p>-La verdad era una buena idea llamarla \u201cRicardo Flores Mag\u00f3n\u201d, aqu\u00ed en Oaxaca\u2026<\/p>\n\n\n\n<p>-Pero all\u00e1 en el centro para los blancos , pero para las comunidades\u2026 -dijo al interrumpir el manifestante<\/p>\n\n\n\n<p>-\u00a1Que la chingada!, he recorrido Oaxaca con librobuses en todas las comunidades, 70 comunidades, donde no hab\u00eda librer\u00edas, no hab\u00eda papeler\u00eda, no hab\u00eda nada , s\u00f3lo los libros que nosotros llev\u00e1bamos a regalar. \u00a1A m\u00ed ese saco no me lo ponen porque no me cabe!, concluy\u00f3 con cierto hartazgo en la pl\u00e1tica<\/p>\n\n\n\n<p>TRAS LA PROTESTA<\/p>\n\n\n\n<p>El l\u00edder de CIPO, Miguel Cruz, sostuvo en entrevista colectiva que para honrar el nombre de Ricardo Flores Mag\u00f3n primero no debe haber gente la c\u00e1rcel por pensar y ser distinto y a partir de ello, ver si los derechos humanos son respetados en las pol\u00edticas p\u00fablicas y si las causas por las que luch\u00f3 se respetan.<\/p>\n\n\n\n<p>Por su parte, el director del Fondo de Cultura Econ\u00f3mica (FCE), Paco Ignacio Taibo II dio a conocer que para Oaxaca, en materia de lectura, van a aumentar la red de distribuci\u00f3n de los librobuses, el n\u00famero de presencia en las comunidades en la entidad, donde actualmente hay 900 clubes de lectura.<\/p>\n\n\n\n<p>Entre las prioridades se encuentra la regi\u00f3n del Istmo, adem\u00e1s de trabajo en las normales y en los Cecyte .<\/p>\n\n\n\n<p>A nivel nacional cuentan con 11 librobuses, de los que dos se enviar\u00e1n a Oaxaca para sus recorridos.<\/p>\n\n\n\n<p>En tanto que el Secretario de Cultura de Oaxaca, V\u00edctor Cata, insisti\u00f3 que es relevante que la librer\u00eda lleve el nombre del oaxaque\u00f1o Ricardo Flores Mag\u00f3n, pues logr\u00f3 ser anal\u00edtico, cr\u00edtico a trav\u00e9s de la lectura.&nbsp;<\/p>\n","protected":false},"excerpt":{"rendered":"<p>Yuridiana Sosa\/Zona Roja. Oaxaca de Ju\u00e1rez, Oax., a 7 de febrero de 2023.- La pol\u00edtica&hellip;<\/p>\n","protected":false},"author":2,"featured_media":51387,"comment_status":"closed","ping_status":"open","sticky":false,"template":"","format":"standard","meta":{"_lmt_disableupdate":"","_lmt_disable":"","_jetpack_memberships_contains_paid_content":false,"footnotes":""},"categories":[109,47],"tags":[939],"class_list":["post-51386","post","type-post","status-publish","format-standard","has-post-thumbnail","hentry","category-minuto-a-minuto","category-zona-gris","tag-salomon-jara-cruz"],"jetpack_featured_media_url":"https:\/\/zonaroja.com.mx\/wp-content\/uploads\/2023\/02\/Paco-Ignacio-Taibo-CIPO-Oaxaca.jpg","jetpack_sharing_enabled":true,"_links":{"self":[{"href":"https:\/\/zonaroja.com.mx\/index.php?rest_route=\/wp\/v2\/posts\/51386","targetHints":{"allow":["GET"]}}],"collection":[{"href":"https:\/\/zonaroja.com.mx\/index.php?rest_route=\/wp\/v2\/posts"}],"about":[{"href":"https:\/\/zonaroja.com.mx\/index.php?rest_route=\/wp\/v2\/types\/post"}],"author":[{"embeddable":true,"href":"https:\/\/zonaroja.com.mx\/index.php?rest_route=\/wp\/v2\/users\/2"}],"replies":[{"embeddable":true,"href":"https:\/\/zonaroja.com.mx\/index.php?rest_route=%2Fwp%2Fv2%2Fcomments&post=51386"}],"version-history":[{"count":2,"href":"https:\/\/zonaroja.com.mx\/index.php?rest_route=\/wp\/v2\/posts\/51386\/revisions"}],"predecessor-version":[{"id":51389,"href":"https:\/\/zonaroja.com.mx\/index.php?rest_route=\/wp\/v2\/posts\/51386\/revisions\/51389"}],"wp:featuredmedia":[{"embeddable":true,"href":"https:\/\/zonaroja.com.mx\/index.php?rest_route=\/wp\/v2\/media\/51387"}],"wp:attachment":[{"href":"https:\/\/zonaroja.com.mx\/index.php?rest_route=%2Fwp%2Fv2%2Fmedia&parent=51386"}],"wp:term":[{"taxonomy":"category","embeddable":true,"href":"https:\/\/zonaroja.com.mx\/index.php?rest_route=%2Fwp%2Fv2%2Fcategories&post=51386"},{"taxonomy":"post_tag","embeddable":true,"href":"https:\/\/zonaroja.com.mx\/index.php?rest_route=%2Fwp%2Fv2%2Ftags&post=51386"}],"curies":[{"name":"wp","href":"https:\/\/api.w.org\/{rel}","templated":true}]}}