{"id":51394,"date":"2023-02-07T20:14:14","date_gmt":"2023-02-08T02:14:14","guid":{"rendered":"http:\/\/www.zonaroja.com.mx\/?p=51394"},"modified":"2023-02-07T20:14:15","modified_gmt":"2023-02-08T02:14:15","slug":"normalistas-desmienten-al-ieepo-sobre-atencion-a-demandas-sigue-planton","status":"publish","type":"post","link":"https:\/\/zonaroja.com.mx\/?p=51394","title":{"rendered":"Normalistas desmienten al IEEPO sobre atenci\u00f3n a demandas; sigue \u201cplant\u00f3n\u00bb"},"content":{"rendered":"\n<p>Yuridiana Sosa\/Zona Roja.<\/p>\n\n\n\n<p>Oaxaca de Ju\u00e1rez, Oax., a 7 de febrero de 2023.- Egresados normalistas de Oaxaca negaron que el IEEPO haya realizado propuestas coherentes a resolver su pliego de demandas, como lo asegur\u00f3 su titular Emilio Montero P\u00e9rez.<\/p>\n\n\n\n<p>Desde el pasado 12 de enero que entregaron sus peticiones, el Instituto Estatal de Educaci\u00f3n P\u00fablica de Oaxaca se ha limitado a ofertar procesos que no corresponden a sus necesidades.<\/p>\n\n\n\n<p>Rechazaron la propuesta emitida por Montero P\u00e9rez en medios de comunicaci\u00f3n, la cual daba soluci\u00f3n a la oferta laboral com 700 plazas, sin embargo, eso no cubre la demanda al ser 820 egresados.&nbsp;<\/p>\n\n\n\n<p>En ese sentido, este martes se pronunciaron en repudio a las versiones oficiales, y recalcaron que en ning\u00fan momento les han dado a conocer la rutas alternas mencionadas por parte del director del IEEPO, \u201cquien no ha respetado el acompa\u00f1amiento seccional como parte importante de nuestro movimiento\u201d.&nbsp;<\/p>\n\n\n\n<p>Todo ello pese a que los normalistas han comenzado una jornada de movilizaciones que incluy\u00f3 un \u201cplant\u00f3n\u201d en el Centro Hist\u00f3rico, que hoy cumpli\u00f3 diez d\u00edas consecutivos.<\/p>\n\n\n\n<p>Mientras que el IEEPO, a trav\u00e9s de un comunicado, se\u00f1al\u00f3 la existencia de un di\u00e1logo con normalistas y la revisi\u00f3n puntual de cada punto del pliego.<\/p>\n\n\n\n<p>Entre las reglas y disposiciones que consideran, dijo el IEEPO, es considerar&nbsp;<\/p>\n\n\n\n<p>las posibilidades presupuestales, a partir de las claves que quedan vacantes por distintas incidencias laborales y que forman parte del techo financiero del Instituto, ya que la federaci\u00f3n no crea nuevas plazas para este prop\u00f3sito.<\/p>\n\n\n\n<p>Por lo aje la demanda de contrataci\u00f3n que exigen los egresados se dar\u00e1 en funci\u00f3n de la necesidad local existente.&nbsp;<\/p>\n","protected":false},"excerpt":{"rendered":"<p>Yuridiana Sosa\/Zona Roja. Oaxaca de Ju\u00e1rez, Oax., a 7 de febrero de 2023.- Egresados normalistas&hellip;<\/p>\n","protected":false},"author":2,"featured_media":51395,"comment_status":"closed","ping_status":"open","sticky":false,"template":"","format":"standard","meta":{"_lmt_disableupdate":"","_lmt_disable":"","_jetpack_memberships_contains_paid_content":false,"footnotes":""},"categories":[109,47],"tags":[2837,1916],"class_list":["post-51394","post","type-post","status-publish","format-standard","has-post-thumbnail","hentry","category-minuto-a-minuto","category-zona-gris","tag-instituto-estatal-de-educacion-publica-de-oaxaca-ieepo","tag-protestas-estudiantes-normalistas-de-oaxaca"],"jetpack_featured_media_url":"https:\/\/zonaroja.com.mx\/wp-content\/uploads\/2023\/02\/Planton-normalistas-ciudad-de-Oaxaca.jpg","jetpack_sharing_enabled":true,"_links":{"self":[{"href":"https:\/\/zonaroja.com.mx\/index.php?rest_route=\/wp\/v2\/posts\/51394","targetHints":{"allow":["GET"]}}],"collection":[{"href":"https:\/\/zonaroja.com.mx\/index.php?rest_route=\/wp\/v2\/posts"}],"about":[{"href":"https:\/\/zonaroja.com.mx\/index.php?rest_route=\/wp\/v2\/types\/post"}],"author":[{"embeddable":true,"href":"https:\/\/zonaroja.com.mx\/index.php?rest_route=\/wp\/v2\/users\/2"}],"replies":[{"embeddable":true,"href":"https:\/\/zonaroja.com.mx\/index.php?rest_route=%2Fwp%2Fv2%2Fcomments&post=51394"}],"version-history":[{"count":1,"href":"https:\/\/zonaroja.com.mx\/index.php?rest_route=\/wp\/v2\/posts\/51394\/revisions"}],"predecessor-version":[{"id":51396,"href":"https:\/\/zonaroja.com.mx\/index.php?rest_route=\/wp\/v2\/posts\/51394\/revisions\/51396"}],"wp:featuredmedia":[{"embeddable":true,"href":"https:\/\/zonaroja.com.mx\/index.php?rest_route=\/wp\/v2\/media\/51395"}],"wp:attachment":[{"href":"https:\/\/zonaroja.com.mx\/index.php?rest_route=%2Fwp%2Fv2%2Fmedia&parent=51394"}],"wp:term":[{"taxonomy":"category","embeddable":true,"href":"https:\/\/zonaroja.com.mx\/index.php?rest_route=%2Fwp%2Fv2%2Fcategories&post=51394"},{"taxonomy":"post_tag","embeddable":true,"href":"https:\/\/zonaroja.com.mx\/index.php?rest_route=%2Fwp%2Fv2%2Ftags&post=51394"}],"curies":[{"name":"wp","href":"https:\/\/api.w.org\/{rel}","templated":true}]}}