{"id":51401,"date":"2023-02-08T10:10:00","date_gmt":"2023-02-08T16:10:00","guid":{"rendered":"http:\/\/www.zonaroja.com.mx\/?p=51401"},"modified":"2023-02-08T06:14:00","modified_gmt":"2023-02-08T12:14:00","slug":"frena-juez-federal-de-manera-indefinida-un-tramo-de-tren-maya","status":"publish","type":"post","link":"https:\/\/zonaroja.com.mx\/?p=51401","title":{"rendered":"Frena juez federal de manera indefinida un tramo de Tren Maya"},"content":{"rendered":"\n<p>Redacci\u00f3n\/Zona Roja Cdmx.<\/p>\n\n\n\n<p>Ciudad de M\u00e9xico, a 8 de febrero de 2023.- Un juez federal otorg\u00f3 una suspensi\u00f3n definitiva que ordena al gobierno federal a detener de manera indefinida la tala o desmonte de selva en el Tramo 5 Sur y Norte del Tren Maya, que comprende de Canc\u00fan a Tulum, en Quintana Roo, porque no cuenta con autorizaci\u00f3n para cambio de uso de suelo en terrenos forestales.<\/p>\n\n\n\n<p>Adri\u00e1n Fernando Novelo P\u00e9rez, juez primero de Distrito con sede en M\u00e9rida, Yucat\u00e1n, otorg\u00f3 la medida cautelar, la cual paraliza los trabajos en el mencionado tramo de construcci\u00f3n.<\/p>\n\n\n\n<p>En su resoluci\u00f3n menciona que las autoridades negaron los actos reclamados y que en el documento que exhibieron relativo a la autorizaci\u00f3n de usos de suelo, ampara \u00fanicamente 413.19 hect\u00e1reas, siendo una extensi\u00f3n mayor la que requiere el cambio de uso de suelo en el Tramo 5 Norte y Sur del Proyecto Tren Maya.<\/p>\n\n\n\n<p>\u00abAhora, en la interlocutoria que resolvi\u00f3 respecto de la suspensi\u00f3n definitiva se consider\u00f3 que si bien las autoridades Fonatur Tren Maya, Sociedad An\u00f3nima de Capital Variable y Nacional Financiera, Sociedad Nacional de Cr\u00e9dito, Instituci\u00f3n de Banca de Desarrollo, como Fiduciaria en el Fideicomiso denominado Fondo Nacional de Fomento al Turismo (Fonatur), al rendir sus informe previos negaron los actos reclamados, lo cierto es que de su propio contenido se advert\u00eda su certeza; lo cual ocasion\u00f3 que se tuvieran por existentes los actos reclamados para efectos de la suspensi\u00f3n\u00bb, detalla la resoluci\u00f3n.<\/p>\n\n\n\n<p>Por su parte, el colectivo S\u00e9lvame Del Tren celebr\u00f3 la determinaci\u00f3n del juzgador y se\u00f1al\u00f3 que con esta resoluci\u00f3n se reafirma que el mencionado proyecto no ha llevado el debido proceso, estudios y autorizaciones para avanzar y cumplir la ley.<\/p>\n\n\n\n<p>\u201cEl movimiento S\u00e9lvame del Tren celebra esta dicha acci\u00f3n ya que suspende una obra ilegal que afecta el patrimonio ecol\u00f3gico de todos los mexicanos. La principal preocupaci\u00f3n del movimiento son las acciones ilegales que se han llevado a cabo para construir un tren que no cumple con los permisos ni los estudios necesario para evitar un desastre ecol\u00f3gico irreversible\u201d, apunt\u00f3.<\/p>\n\n\n\n<p>\u201cLa ley nos da la raz\u00f3n de nuevo a la sociedad civil otorgando la suspensi\u00f3n definitiva a obras del Tren Maya\u201d, agreg\u00f3 la asociaci\u00f3n.<\/p>\n\n\n\n<p>En enero pasado, el Tribunal Colegiado en Materias de Trabajo y Administrativa con sede en Yucat\u00e1n otorg\u00f3 una suspensi\u00f3n provisional al colectivo, el cual impugn\u00f3 que el juez primero le neg\u00f3 la medida cautelar.<\/p>\n\n\n\n<p>(Informaci\u00f3n de \u201cMilenio\u201d)<\/p>\n","protected":false},"excerpt":{"rendered":"<p>Redacci\u00f3n\/Zona Roja Cdmx. Ciudad de M\u00e9xico, a 8 de febrero de 2023.- Un juez federal&hellip;<\/p>\n","protected":false},"author":2,"featured_media":51402,"comment_status":"closed","ping_status":"open","sticky":false,"template":"","format":"standard","meta":{"_lmt_disableupdate":"","_lmt_disable":"","_jetpack_memberships_contains_paid_content":false,"footnotes":""},"categories":[109,47],"tags":[3080],"class_list":["post-51401","post","type-post","status-publish","format-standard","has-post-thumbnail","hentry","category-minuto-a-minuto","category-zona-gris","tag-proyecto-tren-maya"],"jetpack_featured_media_url":"https:\/\/zonaroja.com.mx\/wp-content\/uploads\/2023\/02\/Tren-Maya-obras.webp","jetpack_sharing_enabled":true,"_links":{"self":[{"href":"https:\/\/zonaroja.com.mx\/index.php?rest_route=\/wp\/v2\/posts\/51401","targetHints":{"allow":["GET"]}}],"collection":[{"href":"https:\/\/zonaroja.com.mx\/index.php?rest_route=\/wp\/v2\/posts"}],"about":[{"href":"https:\/\/zonaroja.com.mx\/index.php?rest_route=\/wp\/v2\/types\/post"}],"author":[{"embeddable":true,"href":"https:\/\/zonaroja.com.mx\/index.php?rest_route=\/wp\/v2\/users\/2"}],"replies":[{"embeddable":true,"href":"https:\/\/zonaroja.com.mx\/index.php?rest_route=%2Fwp%2Fv2%2Fcomments&post=51401"}],"version-history":[{"count":2,"href":"https:\/\/zonaroja.com.mx\/index.php?rest_route=\/wp\/v2\/posts\/51401\/revisions"}],"predecessor-version":[{"id":51404,"href":"https:\/\/zonaroja.com.mx\/index.php?rest_route=\/wp\/v2\/posts\/51401\/revisions\/51404"}],"wp:featuredmedia":[{"embeddable":true,"href":"https:\/\/zonaroja.com.mx\/index.php?rest_route=\/wp\/v2\/media\/51402"}],"wp:attachment":[{"href":"https:\/\/zonaroja.com.mx\/index.php?rest_route=%2Fwp%2Fv2%2Fmedia&parent=51401"}],"wp:term":[{"taxonomy":"category","embeddable":true,"href":"https:\/\/zonaroja.com.mx\/index.php?rest_route=%2Fwp%2Fv2%2Fcategories&post=51401"},{"taxonomy":"post_tag","embeddable":true,"href":"https:\/\/zonaroja.com.mx\/index.php?rest_route=%2Fwp%2Fv2%2Ftags&post=51401"}],"curies":[{"name":"wp","href":"https:\/\/api.w.org\/{rel}","templated":true}]}}