{"id":51405,"date":"2023-02-08T08:25:00","date_gmt":"2023-02-08T14:25:00","guid":{"rendered":"http:\/\/www.zonaroja.com.mx\/?p=51405"},"modified":"2023-02-08T06:52:36","modified_gmt":"2023-02-08T12:52:36","slug":"la-mayor-tragedia-mundial-por-terremotos-rebasan-los-11-mil-muertos","status":"publish","type":"post","link":"https:\/\/zonaroja.com.mx\/?p=51405","title":{"rendered":"La mayor tragedia mundial por terremotos: rebasan los 11 mil muertos"},"content":{"rendered":"\n<p>Redacci\u00f3n\/Zona Roja Cdmx.<\/p>\n\n\n\n<p>Ciudad de M\u00e9xico, a 8 de febrero de 2023.- La cifra de muertos a causa de los terremotos registrados el lunes en el sur de Turqu\u00eda, cerca de la frontera con Siria, ha aumentado a m\u00e1s de 11.100, seg\u00fan los balances publicados hasta la fecha, que incluyen m\u00e1s de 8.500 fallecidos en territorio turco.&nbsp;<\/p>\n\n\n\n<p>El presidente de Turqu\u00eda, Recep Tayyip Erdogan, ha afirmado este mi\u00e9rcoles desde la provincia de Kahramanmaras que hay 49.133 heridos, mientras que 6.444 edificios han quedado destruido. Por su parte, el se\u00edsmo ha dejado 1.262 muertos y 2.285 heridos en las zonas de Siria controladas por el Gobierno y m\u00e1s de 1.280 muertos y 2.600 heridos en las zonas controladas por los rebeldes.<\/p>\n\n\n\n<p>Un total de 23 pa\u00edses europeos, incluyendo 20 Estados miembros, han ofrecido asistencia de emergencia a Turqu\u00eda frente a los terremotos que sacudieron el sur del pa\u00eds el pasado viernes y hasta la fecha han movilizado 36 equipos de rescate y m\u00e9dicos, incluyendo a m\u00e1s de 1.500 rescatistas, ha informado la Comisi\u00f3n Europea en su \u00faltimo balance.&nbsp;<\/p>\n\n\n\n<p>A trav\u00e9s del Mecanismo de Protecci\u00f3n Civil de la UE que coordina la respuesta ante emergencias, los Veintisiete han extendido su oferta de asistencia a 1.509 rescatistas y 101 perros especializados en estas tareas.<\/p>\n\n\n\n<p>El papa Francisco anim\u00f3 a todos a mostrar solidaridad con Turqu\u00eda y Siria despu\u00e9s del devastador terremoto del pasado lunes \u00aby en un territorio ya afectado por una larga guerra\u00bb, en un llamamiento lanzado durante la audiencia general.&nbsp;<\/p>\n\n\n\n<p>\u00abPienso en las poblaciones de Turqu\u00eda y de Sira duramente afectadas por el terremoto que ha causado miles de muertos y heridos y conmocionado expreso mi cercan\u00eda a estos pueblos, a las familias de las v\u00edctimas y a todos los que sufren por esta devastadora calamidad\u00bb, dijo Francisco en el aula Pablo VI del Vaticano.<\/p>\n\n\n\n<p>(Informaci\u00f3n de \u201c20 Minutos\u201d de Espa\u00f1a)<\/p>\n","protected":false},"excerpt":{"rendered":"<p>Redacci\u00f3n\/Zona Roja Cdmx. Ciudad de M\u00e9xico, a 8 de febrero de 2023.- La cifra de&hellip;<\/p>\n","protected":false},"author":2,"featured_media":51406,"comment_status":"closed","ping_status":"open","sticky":false,"template":"","format":"standard","meta":{"_lmt_disableupdate":"","_lmt_disable":"","_jetpack_memberships_contains_paid_content":false,"footnotes":""},"categories":[109,47],"tags":[3426],"class_list":["post-51405","post","type-post","status-publish","format-standard","has-post-thumbnail","hentry","category-minuto-a-minuto","category-zona-gris","tag-terremoto-turquia"],"jetpack_featured_media_url":"https:\/\/zonaroja.com.mx\/wp-content\/uploads\/2023\/02\/Terremoto-Turquia-Siria.jpeg","jetpack_sharing_enabled":true,"_links":{"self":[{"href":"https:\/\/zonaroja.com.mx\/index.php?rest_route=\/wp\/v2\/posts\/51405","targetHints":{"allow":["GET"]}}],"collection":[{"href":"https:\/\/zonaroja.com.mx\/index.php?rest_route=\/wp\/v2\/posts"}],"about":[{"href":"https:\/\/zonaroja.com.mx\/index.php?rest_route=\/wp\/v2\/types\/post"}],"author":[{"embeddable":true,"href":"https:\/\/zonaroja.com.mx\/index.php?rest_route=\/wp\/v2\/users\/2"}],"replies":[{"embeddable":true,"href":"https:\/\/zonaroja.com.mx\/index.php?rest_route=%2Fwp%2Fv2%2Fcomments&post=51405"}],"version-history":[{"count":1,"href":"https:\/\/zonaroja.com.mx\/index.php?rest_route=\/wp\/v2\/posts\/51405\/revisions"}],"predecessor-version":[{"id":51407,"href":"https:\/\/zonaroja.com.mx\/index.php?rest_route=\/wp\/v2\/posts\/51405\/revisions\/51407"}],"wp:featuredmedia":[{"embeddable":true,"href":"https:\/\/zonaroja.com.mx\/index.php?rest_route=\/wp\/v2\/media\/51406"}],"wp:attachment":[{"href":"https:\/\/zonaroja.com.mx\/index.php?rest_route=%2Fwp%2Fv2%2Fmedia&parent=51405"}],"wp:term":[{"taxonomy":"category","embeddable":true,"href":"https:\/\/zonaroja.com.mx\/index.php?rest_route=%2Fwp%2Fv2%2Fcategories&post=51405"},{"taxonomy":"post_tag","embeddable":true,"href":"https:\/\/zonaroja.com.mx\/index.php?rest_route=%2Fwp%2Fv2%2Ftags&post=51405"}],"curies":[{"name":"wp","href":"https:\/\/api.w.org\/{rel}","templated":true}]}}