{"id":5141,"date":"2019-10-26T08:02:59","date_gmt":"2019-10-26T13:02:59","guid":{"rendered":"http:\/\/www.zonaroja.com.mx\/?p=5141"},"modified":"2019-10-26T08:03:02","modified_gmt":"2019-10-26T13:03:02","slug":"amanece-oaxaca-con-cuatro-asesinados-uno-de-ellos-del-ubisort","status":"publish","type":"post","link":"https:\/\/zonaroja.com.mx\/?p=5141","title":{"rendered":"Amanece Oaxaca con cuatro asesinados, uno de ellos del Ubisort"},"content":{"rendered":"\n<p>Redacci\u00f3n\/Zona Roja.<\/p>\n\n\n\n<p>Oaxaca de Ju\u00e1rez, Oax., 26 de octubre de\n2019.- Cuatro personas fueron asesinadas a balazos en los primeros minutos y\ndurante la madrugada de este s\u00e1bado, en las regiones Valles Centrales, Mixteca\ny Cuenca del Papaloapan.<\/p>\n\n\n\n<p>A un costado de la carretera estatal\nn\u00famero 85, en inmediaciones de la localidad de Sam Miguel C\u00e1rdenas, del\nmunicipio de Santiago Juxtlahuaca, fue ultimado un individuo en el interior de\nsu camioneta.<\/p>\n\n\n\n<p>Fue identificado como Ra\u00fal Mart\u00ednez\nAguilar, militante de la Unidad de Bienestar Social de la Regi\u00f3n Triqui\n(Ubisort) y era originario de La Cumbre Hierna Santa Copala; hasta el momento\nse desconoce el m\u00f3vil como el o los probables autores del crimen.<\/p>\n\n\n\n<p>Afuera de la terminal de autobuses de\nprimera clase de San Juan Bautista Tuxtepec, alrededor de las 02:00 horas fue\nasesinado con arma blanca un individuo.<\/p>\n\n\n\n<p>El hombre era originario de la comunidad\nEjido San Bartolo y fue ultimado sobre la calle Matamoros, en el centro de esa\nciudad.<\/p>\n\n\n\n<p>En tanto, en los primeros minutos de\nhoy, entre los fraccionamientos Arboledas y Laureles, en el municipio de Santa\nCruz Xoxocotl\u00e1n, se suscit\u00f3 una agresi\u00f3n armada.<\/p>\n\n\n\n<p>Una persona muri\u00f3 en el lugar de los\nhechos y otra fue trasladada a una cl\u00ednica de Xoxocotl\u00e1n, donde se report\u00f3 su\nfallecimiento. Hasta el momento las v\u00edctimas no han sido identificadas.<\/p>\n","protected":false},"excerpt":{"rendered":"<p>Redacci\u00f3n\/Zona Roja. Oaxaca de Ju\u00e1rez, Oax., 26 de octubre de 2019.- Cuatro personas fueron asesinadas&hellip;<\/p>\n","protected":false},"author":2,"featured_media":5142,"comment_status":"closed","ping_status":"open","sticky":false,"template":"","format":"standard","meta":{"_lmt_disableupdate":"","_lmt_disable":"","_jetpack_memberships_contains_paid_content":false,"footnotes":""},"categories":[109,51],"tags":[826],"class_list":["post-5141","post","type-post","status-publish","format-standard","has-post-thumbnail","hentry","category-minuto-a-minuto","category-zona-roja","tag-santiago-juxtlahuaca"],"jetpack_featured_media_url":"https:\/\/zonaroja.com.mx\/wp-content\/uploads\/2019\/10\/379cbd38-eaee-4bf6-90f5-1a5b0b0f046e.jpg","jetpack_sharing_enabled":true,"_links":{"self":[{"href":"https:\/\/zonaroja.com.mx\/index.php?rest_route=\/wp\/v2\/posts\/5141","targetHints":{"allow":["GET"]}}],"collection":[{"href":"https:\/\/zonaroja.com.mx\/index.php?rest_route=\/wp\/v2\/posts"}],"about":[{"href":"https:\/\/zonaroja.com.mx\/index.php?rest_route=\/wp\/v2\/types\/post"}],"author":[{"embeddable":true,"href":"https:\/\/zonaroja.com.mx\/index.php?rest_route=\/wp\/v2\/users\/2"}],"replies":[{"embeddable":true,"href":"https:\/\/zonaroja.com.mx\/index.php?rest_route=%2Fwp%2Fv2%2Fcomments&post=5141"}],"version-history":[{"count":1,"href":"https:\/\/zonaroja.com.mx\/index.php?rest_route=\/wp\/v2\/posts\/5141\/revisions"}],"predecessor-version":[{"id":5143,"href":"https:\/\/zonaroja.com.mx\/index.php?rest_route=\/wp\/v2\/posts\/5141\/revisions\/5143"}],"wp:featuredmedia":[{"embeddable":true,"href":"https:\/\/zonaroja.com.mx\/index.php?rest_route=\/wp\/v2\/media\/5142"}],"wp:attachment":[{"href":"https:\/\/zonaroja.com.mx\/index.php?rest_route=%2Fwp%2Fv2%2Fmedia&parent=5141"}],"wp:term":[{"taxonomy":"category","embeddable":true,"href":"https:\/\/zonaroja.com.mx\/index.php?rest_route=%2Fwp%2Fv2%2Fcategories&post=5141"},{"taxonomy":"post_tag","embeddable":true,"href":"https:\/\/zonaroja.com.mx\/index.php?rest_route=%2Fwp%2Fv2%2Ftags&post=5141"}],"curies":[{"name":"wp","href":"https:\/\/api.w.org\/{rel}","templated":true}]}}