{"id":51415,"date":"2023-02-08T09:42:00","date_gmt":"2023-02-08T15:42:00","guid":{"rendered":"http:\/\/www.zonaroja.com.mx\/?p=51415"},"modified":"2023-02-08T08:09:59","modified_gmt":"2023-02-08T14:09:59","slug":"apuesta-santa-lucia-del-camino-por-la-seguridad-de-la-poblacion","status":"publish","type":"post","link":"https:\/\/zonaroja.com.mx\/?p=51415","title":{"rendered":"Apuesta Santa Luc\u00eda del Camino por la seguridad de la poblaci\u00f3n"},"content":{"rendered":"\n<p>Redacci\u00f3n\/Zona Roja.<\/p>\n\n\n\n<p>Oaxaca de Ju\u00e1rez, Oax., a 8 de febrero de 2023.- El ayuntamiento de Santa Luc\u00eda del Camino sigue apostando por la seguridad y la paz de la poblaci\u00f3n y ayer inaugur\u00f3 el primer arco de seguridad de cuatro que se instalar\u00e1n, para detectar unidades de motor robadas.<\/p>\n\n\n\n<p>Este mecanismo consta de 10 c\u00e1maras fijas, dos c\u00e1maras PTZ, cuatro lectoras de c\u00e1maras, sensores de movimiento para detectar el paso de veh\u00edculos y 24 luces de emergencia.<\/p>\n\n\n\n<p>Adem\u00e1s, est\u00e1 enlazado al sistema de videovigilancia C-2, inaugurado en diciembre pasado por la autoridad municipal, y el C-4 de la Secretar\u00eda de Seguridad y Protecci\u00f3n Ciudadana.<\/p>\n\n\n\n<p>\u201cEn materia de seguridad ten\u00edamos un gran reto, al inicio de esta administraci\u00f3n nos enfrent\u00e1bamos con un municipio que ha sido golpeado fuertemente por la delincuencia, que se convirti\u00f3 con el tiempo en el patio trasero de la capital.<\/p>\n\n\n\n<p>\u201cLa sobreexplotaci\u00f3n de los giros negros provoc\u00f3 un caldo de cultivo para que hubiera mayor incidencia delictiva; por eso desde el inicio nos propusimos ni un permiso m\u00e1s para bares y cantinas\u201d, dijo en su mensaje el edil Juan Carlos Garc\u00eda M\u00e1rquez.<\/p>\n\n\n\n<p>En presencia de la titular del Secretariado Ejecutivo del Sistema Estatal de Seguridad P\u00fablica, Karina Bar\u00f3n, expuso que entre otros, uno de los problemas era el de asaltos a transe\u00fantes y comercios, por lo cual se implement\u00f3 la estrategia de blindar el municipio<\/p>\n\n\n\n<p>Detall\u00f3 la operaci\u00f3n desde diciembre pasada del esquema de videovigilancia C-2; la dotaci\u00f3n continua de equipos e implementos de trabajo para las polic\u00edas vial y municipal; el incremento en sus haberes, entre otros. Agradeci\u00f3 el respaldo del gobernador Salom\u00f3n Jara Cruz en todas las acciones a favor de la poblaci\u00f3n.<\/p>\n\n\n\n<p>En el acto particip\u00f3 tambi\u00e9n el director de Seguridad P\u00fablica municipal, Marcos Fredy Hern\u00e1ndez, quien detall\u00f3 las acciones y reiter\u00f3 el compromiso del ayuntamiento de velar por la seguridad de los ciudadanos de esta demarcaci\u00f3n conurbada a la capital del estado.<\/p>\n\n\n\n<figure class=\"wp-block-embed is-type-rich is-provider-twitter wp-block-embed-twitter\"><div class=\"wp-block-embed__wrapper\">\n<div class=\"twitter-tweet\"><blockquote class=\"twitter-tweet\" data-lang=\"es\"><p lang=\"es\" dir=\"ltr\">2. En su mensaje, el edil de <a href=\"https:\/\/twitter.com\/SantaLucia_Ayto?ref_src=twsrc%5Etfw\">@SantaLucia_Ayto<\/a>, <a href=\"https:\/\/twitter.com\/JC_GMarquez?ref_src=twsrc%5Etfw\">@JC_GMarquez<\/a>, destac\u00f3 el respaldo de los vecinos para reforzar las acciones en materia de seguridad. <br>Asimismo, el invaluable apoyo del gobierno que preside <a href=\"https:\/\/twitter.com\/salomonj?ref_src=twsrc%5Etfw\">@salomonj<\/a> a fin de lograr juntos la paz social. <a href=\"https:\/\/t.co\/V0DJPVWPUP\">pic.twitter.com\/V0DJPVWPUP<\/a><\/p>&mdash; Zona Roja Oaxaca (@ZonaRoja_Oaxaca) <a href=\"https:\/\/twitter.com\/ZonaRoja_Oaxaca\/status\/1623136262600245248?ref_src=twsrc%5Etfw\">8 de febrero de 2023<\/a><\/blockquote><\/div>\n<\/div><\/figure>\n","protected":false},"excerpt":{"rendered":"<p>Redacci\u00f3n\/Zona Roja. Oaxaca de Ju\u00e1rez, Oax., a 8 de febrero de 2023.- El ayuntamiento de&hellip;<\/p>\n","protected":false},"author":2,"featured_media":51412,"comment_status":"closed","ping_status":"open","sticky":false,"template":"","format":"standard","meta":{"_lmt_disableupdate":"","_lmt_disable":"","_jetpack_memberships_contains_paid_content":false,"footnotes":""},"categories":[109,46],"tags":[337],"class_list":["post-51415","post","type-post","status-publish","format-standard","has-post-thumbnail","hentry","category-minuto-a-minuto","category-zona-blanca","tag-santa-lucia-del-camino"],"jetpack_featured_media_url":"https:\/\/zonaroja.com.mx\/wp-content\/uploads\/2023\/02\/Inauguracion-arco-norte-Santa-Lucia-.jpg","jetpack_sharing_enabled":true,"_links":{"self":[{"href":"https:\/\/zonaroja.com.mx\/index.php?rest_route=\/wp\/v2\/posts\/51415","targetHints":{"allow":["GET"]}}],"collection":[{"href":"https:\/\/zonaroja.com.mx\/index.php?rest_route=\/wp\/v2\/posts"}],"about":[{"href":"https:\/\/zonaroja.com.mx\/index.php?rest_route=\/wp\/v2\/types\/post"}],"author":[{"embeddable":true,"href":"https:\/\/zonaroja.com.mx\/index.php?rest_route=\/wp\/v2\/users\/2"}],"replies":[{"embeddable":true,"href":"https:\/\/zonaroja.com.mx\/index.php?rest_route=%2Fwp%2Fv2%2Fcomments&post=51415"}],"version-history":[{"count":1,"href":"https:\/\/zonaroja.com.mx\/index.php?rest_route=\/wp\/v2\/posts\/51415\/revisions"}],"predecessor-version":[{"id":51416,"href":"https:\/\/zonaroja.com.mx\/index.php?rest_route=\/wp\/v2\/posts\/51415\/revisions\/51416"}],"wp:featuredmedia":[{"embeddable":true,"href":"https:\/\/zonaroja.com.mx\/index.php?rest_route=\/wp\/v2\/media\/51412"}],"wp:attachment":[{"href":"https:\/\/zonaroja.com.mx\/index.php?rest_route=%2Fwp%2Fv2%2Fmedia&parent=51415"}],"wp:term":[{"taxonomy":"category","embeddable":true,"href":"https:\/\/zonaroja.com.mx\/index.php?rest_route=%2Fwp%2Fv2%2Fcategories&post=51415"},{"taxonomy":"post_tag","embeddable":true,"href":"https:\/\/zonaroja.com.mx\/index.php?rest_route=%2Fwp%2Fv2%2Ftags&post=51415"}],"curies":[{"name":"wp","href":"https:\/\/api.w.org\/{rel}","templated":true}]}}