{"id":51419,"date":"2023-02-08T10:17:00","date_gmt":"2023-02-08T16:17:00","guid":{"rendered":"http:\/\/www.zonaroja.com.mx\/?p=51419"},"modified":"2023-02-08T08:18:58","modified_gmt":"2023-02-08T14:18:58","slug":"por-fin-luego-de-35-muertes-por-meningitis-hay-tres-detenidos-en-durango","status":"publish","type":"post","link":"https:\/\/zonaroja.com.mx\/?p=51419","title":{"rendered":"Por fin, luego de 35 muertes por meningitis, hay tres detenidos en Durango"},"content":{"rendered":"\n<p>Redacci\u00f3n\/Zona Roja Cdmx.<\/p>\n\n\n\n<p>Ciudad de M\u00e9xico, a 8 de febrero de 2023.- Autoridades del estado de Durango confirmaron tres detenciones por las 35 muertes de meningitis. Se trata del exdirector de la Comisi\u00f3n para Protecci\u00f3n Contra Riesgos Sanitarios del Estado de Durango (Coprised), Joaqu\u00edn \u201cN\u00bb; la otra persona es Omar \u201cN\u201d, un anestesi\u00f3logo de un hospital privado y Guadalupe \u201cN\u201d, verificadora sanitaria.<\/p>\n\n\n\n<p>En conferencia de prensa, Esteban Villegas Villarreal, gobernador de Durango, dijo que se detectaron una serie de irregularidades, una de ellas, que el exdirector de Coprised, quien autoriz\u00f3 las licencias para la apertura de los hospitales donde se origin\u00f3 el brote, se encontraba en funciones sin contar con un t\u00edtulo y c\u00e9dula de m\u00e9dico&nbsp;o a fin.<\/p>\n\n\n\n<p>\u201cEsa es c\u00e1rcel directa por usurpaci\u00f3n de funciones, imag\u00ednense todo los que firm\u00f3\u201d, dijo al resaltar que se desempe\u00f1\u00f3 en el cargo sin contar con los requisitos estipulados por ley.<\/p>\n\n\n\n<p>M\u00e1s tarde, la fiscal\u00eda del estado detall\u00f3 que el Omar \u201cN\u201d, el anestesi\u00f3logo detenido ofreci\u00f3 sus servicios en los hospitales donde se detectaron casos de meningitis. Hay testimonios de enfermeras y otros trabajadores de que el m\u00e9dico llevaba sus propios medicamentos sin cumplir con las medidas de seguridad establecidas.<\/p>\n\n\n\n<p>Seg\u00fan la fiscal\u00eda, el anestesi\u00f3logo aplicaba medicamento que \u00e9l mismo llevaba y que estaba contaminado desde que lo us\u00f3 en el primer hospital y prosigui\u00f3 extendiendo el contagio a&nbsp;las cl\u00ednicas Del Parque, Dickava, San Carlos y Sant\u00e9, donde laboraba.<\/p>\n\n\n\n<p>Sonia Yadira de la Garza, fiscal del estado, dijo que la tercera persona detenida es Guadalupe \u201cN\u00bb, verificadora que estaba en funciones y que hab\u00eda participado en los procesos de permiso de la cl\u00ednica.<\/p>\n\n\n\n<p>La fiscal asegur\u00f3 que estas detenciones no quitan la responsabilidad de los hospitales, y que a\u00fan se mantienen vigentes las \u00f3rdenes de aprehensi\u00f3n contra los propietarios de los mismos.<\/p>\n\n\n\n<p>La Secretar\u00eda de Salud de Durango inform\u00f3 que hasta el lunes 6 de febrero se ten\u00eda registro de 79 casos confirmados de meningitis y 35 defunciones.<\/p>\n\n\n\n<p>A trav\u00e9s de redes sociales, la dependencia resalta que la meningitis, la inflamaci\u00f3n de las membranas que recubren el cerebro y la m\u00e9dula espinal, no es contagiosa.<\/p>\n\n\n\n<p>El 4 de noviembre de 2022, el Centro Nacional de Enlace (CNE) de M\u00e9xico inform\u00f3 por primera vez a la Organizaci\u00f3n Panamericana de la Salud la detecci\u00f3n de 11 casos de meningitis as\u00e9ptica de etiolog\u00eda desconocida.<\/p>\n\n\n\n<p>(Informaci\u00f3n del sitio \u201cAnimal Pol\u00edtico\u201d)<\/p>\n","protected":false},"excerpt":{"rendered":"<p>Redacci\u00f3n\/Zona Roja Cdmx. Ciudad de M\u00e9xico, a 8 de febrero de 2023.- Autoridades del estado&hellip;<\/p>\n","protected":false},"author":2,"featured_media":48744,"comment_status":"closed","ping_status":"open","sticky":false,"template":"","format":"standard","meta":{"_lmt_disableupdate":"","_lmt_disable":"","_jetpack_memberships_contains_paid_content":false,"footnotes":""},"categories":[109,47],"tags":[3316],"class_list":["post-51419","post","type-post","status-publish","format-standard","has-post-thumbnail","hentry","category-minuto-a-minuto","category-zona-gris","tag-meningitis-durango"],"jetpack_featured_media_url":"https:\/\/zonaroja.com.mx\/wp-content\/uploads\/2022\/12\/Meningitis-Durango.jpeg","jetpack_sharing_enabled":true,"_links":{"self":[{"href":"https:\/\/zonaroja.com.mx\/index.php?rest_route=\/wp\/v2\/posts\/51419","targetHints":{"allow":["GET"]}}],"collection":[{"href":"https:\/\/zonaroja.com.mx\/index.php?rest_route=\/wp\/v2\/posts"}],"about":[{"href":"https:\/\/zonaroja.com.mx\/index.php?rest_route=\/wp\/v2\/types\/post"}],"author":[{"embeddable":true,"href":"https:\/\/zonaroja.com.mx\/index.php?rest_route=\/wp\/v2\/users\/2"}],"replies":[{"embeddable":true,"href":"https:\/\/zonaroja.com.mx\/index.php?rest_route=%2Fwp%2Fv2%2Fcomments&post=51419"}],"version-history":[{"count":1,"href":"https:\/\/zonaroja.com.mx\/index.php?rest_route=\/wp\/v2\/posts\/51419\/revisions"}],"predecessor-version":[{"id":51420,"href":"https:\/\/zonaroja.com.mx\/index.php?rest_route=\/wp\/v2\/posts\/51419\/revisions\/51420"}],"wp:featuredmedia":[{"embeddable":true,"href":"https:\/\/zonaroja.com.mx\/index.php?rest_route=\/wp\/v2\/media\/48744"}],"wp:attachment":[{"href":"https:\/\/zonaroja.com.mx\/index.php?rest_route=%2Fwp%2Fv2%2Fmedia&parent=51419"}],"wp:term":[{"taxonomy":"category","embeddable":true,"href":"https:\/\/zonaroja.com.mx\/index.php?rest_route=%2Fwp%2Fv2%2Fcategories&post=51419"},{"taxonomy":"post_tag","embeddable":true,"href":"https:\/\/zonaroja.com.mx\/index.php?rest_route=%2Fwp%2Fv2%2Ftags&post=51419"}],"curies":[{"name":"wp","href":"https:\/\/api.w.org\/{rel}","templated":true}]}}