{"id":51423,"date":"2023-02-08T08:30:29","date_gmt":"2023-02-08T14:30:29","guid":{"rendered":"http:\/\/www.zonaroja.com.mx\/?p=51423"},"modified":"2023-02-08T08:30:31","modified_gmt":"2023-02-08T14:30:31","slug":"grave-de-salud-las-dos-menores-quemadas-en-tuxtepec","status":"publish","type":"post","link":"https:\/\/zonaroja.com.mx\/?p=51423","title":{"rendered":"Grave de salud, las dos menores quemadas en Tuxtepec"},"content":{"rendered":"\n<p>Redacci\u00f3n\/Zona Roja.<\/p>\n\n\n\n<p>Oaxaca de Ju\u00e1rez, Oax., a 8 de febrero de 2023.- Como grave de salud fueron reportadas las dos menores de edad que resultaron quemadas ayer al incendiarse su vivienda en San Juan Bautista Tuxtepec, y en el cual perdi\u00f3 la vida la se\u00f1ora Paulina.<\/p>\n\n\n\n<p>El hecho ocurri\u00f3 este martes alrededor de las 06:00 horas en una sencilla casa ubicada en la avenida Bonfil y la calle Mutualismo, de la colonia Hidalgo.<\/p>\n\n\n\n<p>Ciudadanos, personal de protecci\u00f3n civil y bomberos apoyaron a sofocar el siniestro, pero el saldo fue fatal.<\/p>\n\n\n\n<p>Las ni\u00f1as Rosario y Ana Gabriela A. B., de 15 y 8 a\u00f1os a\u00f1os de edad, fueron trasladadas de emergencia a un hospital, donde una de ellas fue intubada.<\/p>\n\n\n\n<p>Rosario es la m\u00e1s grave pues fue ingresada a quir\u00f3fano en un procedimiento de riesgo de lavado de v\u00edas respiratorias, adem\u00e1s de intubarla.<\/p>\n\n\n\n<p>Mientras que el pron\u00f3stico de salud de Ana es delicado pero estable, pues tiene varias quemaduras de primer y segundo grado en la frente y otras partes del cuerpo.<\/p>\n\n\n\n<p>La autoridad municipal de Tuxtepec, a trav\u00e9s del DIF, inform\u00f3 que se brinda todos los apoyos necesarios tanto a la familia de la persona adulta fallecida como las menores hospitalizadas.<\/p>\n","protected":false},"excerpt":{"rendered":"<p>Redacci\u00f3n\/Zona Roja. Oaxaca de Ju\u00e1rez, Oax., a 8 de febrero de 2023.- Como grave de&hellip;<\/p>\n","protected":false},"author":2,"featured_media":51424,"comment_status":"closed","ping_status":"open","sticky":false,"template":"","format":"standard","meta":{"_lmt_disableupdate":"","_lmt_disable":"","_jetpack_memberships_contains_paid_content":false,"footnotes":""},"categories":[109,47],"tags":[118],"class_list":["post-51423","post","type-post","status-publish","format-standard","has-post-thumbnail","hentry","category-minuto-a-minuto","category-zona-gris","tag-san-juan-bautista-tuxtepec"],"jetpack_featured_media_url":"https:\/\/zonaroja.com.mx\/wp-content\/uploads\/2023\/02\/Incendio-vivienda-Tuxtepec.jpg","jetpack_sharing_enabled":true,"_links":{"self":[{"href":"https:\/\/zonaroja.com.mx\/index.php?rest_route=\/wp\/v2\/posts\/51423","targetHints":{"allow":["GET"]}}],"collection":[{"href":"https:\/\/zonaroja.com.mx\/index.php?rest_route=\/wp\/v2\/posts"}],"about":[{"href":"https:\/\/zonaroja.com.mx\/index.php?rest_route=\/wp\/v2\/types\/post"}],"author":[{"embeddable":true,"href":"https:\/\/zonaroja.com.mx\/index.php?rest_route=\/wp\/v2\/users\/2"}],"replies":[{"embeddable":true,"href":"https:\/\/zonaroja.com.mx\/index.php?rest_route=%2Fwp%2Fv2%2Fcomments&post=51423"}],"version-history":[{"count":1,"href":"https:\/\/zonaroja.com.mx\/index.php?rest_route=\/wp\/v2\/posts\/51423\/revisions"}],"predecessor-version":[{"id":51425,"href":"https:\/\/zonaroja.com.mx\/index.php?rest_route=\/wp\/v2\/posts\/51423\/revisions\/51425"}],"wp:featuredmedia":[{"embeddable":true,"href":"https:\/\/zonaroja.com.mx\/index.php?rest_route=\/wp\/v2\/media\/51424"}],"wp:attachment":[{"href":"https:\/\/zonaroja.com.mx\/index.php?rest_route=%2Fwp%2Fv2%2Fmedia&parent=51423"}],"wp:term":[{"taxonomy":"category","embeddable":true,"href":"https:\/\/zonaroja.com.mx\/index.php?rest_route=%2Fwp%2Fv2%2Fcategories&post=51423"},{"taxonomy":"post_tag","embeddable":true,"href":"https:\/\/zonaroja.com.mx\/index.php?rest_route=%2Fwp%2Fv2%2Ftags&post=51423"}],"curies":[{"name":"wp","href":"https:\/\/api.w.org\/{rel}","templated":true}]}}