{"id":51426,"date":"2023-02-08T12:32:00","date_gmt":"2023-02-08T18:32:00","guid":{"rendered":"http:\/\/www.zonaroja.com.mx\/?p=51426"},"modified":"2023-02-08T13:47:27","modified_gmt":"2023-02-08T19:47:27","slug":"p1-2","status":"publish","type":"post","link":"https:\/\/zonaroja.com.mx\/?p=51426","title":{"rendered":"Denuncian triquis prepotencia y desconocimiento de Jes\u00fas Romero L\u00f3pez"},"content":{"rendered":"\n<p>Yuridiana Sosa\/Zona Roja.<\/p>\n\n\n\n<p>Oaxaca de Ju\u00e1rez, Oax., 8 de febrero de 2023.- La administraci\u00f3n estatal de Salom\u00f3n Jara, a trav\u00e9s del titular de la Secretar\u00eda de Gobierno, Jes\u00fas Romero L\u00f3pez, s\u00f3lo muestra, desinter\u00e9s, prepotencia y hasta desconocimiento del conflicto de las familias ind\u00edgenas triquis desplazadas en 2010 de San Juan Copala, Juxtlahuaca, pues no hay ning\u00fan tipo de atenci\u00f3n.<\/p>\n\n\n\n<p>As\u00ed lo denunci\u00f3 un grupo de mujeres ind\u00edgenas que encabeza Sergia Zepeda, quien detall\u00f3 que el secretario de Gobierno minimiza la situaci\u00f3n de violencia que vivieron y se vive en la zona, al asegurarles que \u201cson libres de entrar y salir de la comunidad\u201d, seg\u00fan dichos de la autoridad local.<\/p>\n\n\n\n<p>\u201cNos pide que no hagamos show y caravana\u2026exigimos justicia y retorno inmediato a la comunidad\u201d, apuntaron las afectadas durante la conferencia de prensa de&nbsp;este mi\u00e9rcoles&nbsp;frente a Palacio de Gobierno.<\/p>\n\n\n\n<p>Las familias desplazadas por la violencia, agregaron, ya no son consideradas por el gobierno de Oaxaca como v\u00edctimas, pues ahora el gobierno de Jara Cruz las considera comerciantes.<\/p>\n\n\n\n<p>Sergia Zepeda asegur\u00f3 que actualmente \u201cno hay atenci\u00f3n real en acci\u00f3n \u2013por el gobierno estatal-, otros gobiernos nos escuchaban, daban un poco de todo, de atenci\u00f3n integral y este gobierno no vemos resultados\u201d.<\/p>\n\n\n\n<p>La l\u00edder agreg\u00f3 que en la mala negociaci\u00f3n tambi\u00e9n ha influido el gobierno municipal de Francisco Mart\u00ednez Neri, que difunde falsamente que las ind\u00edgenas piden un mill\u00f3n de pesos para retirarse, sin embargo, la administraci\u00f3n municipal ni siquiera ha devuelto la totalidad de las pertenec\u00edas recogidas en el desalojo del 2 de diciembre.<\/p>\n\n\n\n<p>Por otra parte, a pesar de ser un compromiso del gobierno estatal y municipal, el gobierno de la ciudad de Oaxaca les niega un espacio para la venta de sus productos y con ello obtener ingresos para su sobrevivencia en lo que resuelven su retorno. <\/p>\n\n\n\n<figure class=\"wp-block-embed\"><div class=\"wp-block-embed__wrapper\">\n<div class=\"twitter-tweet\"><blockquote class=\"twitter-tweet\" data-lang=\"es\"><p lang=\"es\" dir=\"ltr\"><a href=\"https:\/\/twitter.com\/hashtag\/ENVIVO?src=hash&amp;ref_src=twsrc%5Etfw\">#ENVIVO<\/a><br>Oaxaca de Ju\u00e1rez, Oax., a 8 de febrero de 2023.- Conferencia de prensa de un grupo de ind\u00edgenas triquis, encabezados por Sergia Zepeda. Acusan que el titular de la <a href=\"https:\/\/twitter.com\/SEGO_Oax?ref_src=twsrc%5Etfw\">@SEGO_Oax<\/a>, <a href=\"https:\/\/twitter.com\/jesusromerooax?ref_src=twsrc%5Etfw\">@jesusromerooax<\/a>, es un d\u00e9spota y prepotente. <br>Transmisi\u00f3n \ud83d\udc47<a href=\"https:\/\/t.co\/cXSTNVO1sI\">https:\/\/t.co\/cXSTNVO1sI<\/a> <a href=\"https:\/\/t.co\/3JDD3GLC3p\">pic.twitter.com\/3JDD3GLC3p<\/a><\/p>&mdash; Zona Roja Oaxaca (@ZonaRoja_Oaxaca) <a href=\"https:\/\/twitter.com\/ZonaRoja_Oaxaca\/status\/1623363752665169920?ref_src=twsrc%5Etfw\">8 de febrero de 2023<\/a><\/blockquote><\/div>\n<\/div><\/figure>\n","protected":false},"excerpt":{"rendered":"<p>Yuridiana Sosa\/Zona Roja. Oaxaca de Ju\u00e1rez, Oax., 8 de febrero de 2023.- La administraci\u00f3n estatal&hellip;<\/p>\n","protected":false},"author":2,"featured_media":51430,"comment_status":"closed","ping_status":"open","sticky":false,"template":"","format":"standard","meta":{"_lmt_disableupdate":"","_lmt_disable":"","_jetpack_memberships_contains_paid_content":false,"footnotes":""},"categories":[109,47],"tags":[],"class_list":["post-51426","post","type-post","status-publish","format-standard","has-post-thumbnail","hentry","category-minuto-a-minuto","category-zona-gris"],"jetpack_featured_media_url":"https:\/\/zonaroja.com.mx\/wp-content\/uploads\/2023\/02\/8eaa23fb-a394-498a-8407-9bf6ec24e590.jpg","jetpack_sharing_enabled":true,"_links":{"self":[{"href":"https:\/\/zonaroja.com.mx\/index.php?rest_route=\/wp\/v2\/posts\/51426","targetHints":{"allow":["GET"]}}],"collection":[{"href":"https:\/\/zonaroja.com.mx\/index.php?rest_route=\/wp\/v2\/posts"}],"about":[{"href":"https:\/\/zonaroja.com.mx\/index.php?rest_route=\/wp\/v2\/types\/post"}],"author":[{"embeddable":true,"href":"https:\/\/zonaroja.com.mx\/index.php?rest_route=\/wp\/v2\/users\/2"}],"replies":[{"embeddable":true,"href":"https:\/\/zonaroja.com.mx\/index.php?rest_route=%2Fwp%2Fv2%2Fcomments&post=51426"}],"version-history":[{"count":2,"href":"https:\/\/zonaroja.com.mx\/index.php?rest_route=\/wp\/v2\/posts\/51426\/revisions"}],"predecessor-version":[{"id":51431,"href":"https:\/\/zonaroja.com.mx\/index.php?rest_route=\/wp\/v2\/posts\/51426\/revisions\/51431"}],"wp:featuredmedia":[{"embeddable":true,"href":"https:\/\/zonaroja.com.mx\/index.php?rest_route=\/wp\/v2\/media\/51430"}],"wp:attachment":[{"href":"https:\/\/zonaroja.com.mx\/index.php?rest_route=%2Fwp%2Fv2%2Fmedia&parent=51426"}],"wp:term":[{"taxonomy":"category","embeddable":true,"href":"https:\/\/zonaroja.com.mx\/index.php?rest_route=%2Fwp%2Fv2%2Fcategories&post=51426"},{"taxonomy":"post_tag","embeddable":true,"href":"https:\/\/zonaroja.com.mx\/index.php?rest_route=%2Fwp%2Fv2%2Ftags&post=51426"}],"curies":[{"name":"wp","href":"https:\/\/api.w.org\/{rel}","templated":true}]}}