{"id":51436,"date":"2023-02-08T21:27:39","date_gmt":"2023-02-09T03:27:39","guid":{"rendered":"http:\/\/www.zonaroja.com.mx\/?p=51436"},"modified":"2023-02-08T21:27:41","modified_gmt":"2023-02-09T03:27:41","slug":"anuncian-encuentro-arte-mezcal-y-musica-para-revivir-la-ruta-del-mezcal","status":"publish","type":"post","link":"https:\/\/zonaroja.com.mx\/?p=51436","title":{"rendered":"Anuncian encuentro \u201cArte, mezcal y m\u00fasica\u201d, para revivir la ruta del mezcal"},"content":{"rendered":"\n<p>Yuridiana Sosa\/Zona Roja.<\/p>\n\n\n\n<p>Oaxaca de Ju\u00e1rez, Oax., a 8 de febrero de 2023.- Productores, artistas pl\u00e1sticos y cantantes oaxaque\u00f1os se unieron para llevar a cabo la exposici\u00f3n \u201cArte, mezcal y m\u00fasica\u201d, a trav\u00e9s de la cual impulsar\u00e1n sus talentos y buscan revivir la ruta \u201cCaminos del mezcal\u201d a favor de las familias productoras de la bebida.<\/p>\n\n\n\n<p>Tras la pandemia, los participantes \u2013que hab\u00edan trabajado en conjunto en otra actividad en 2019- se reunieron una vez m\u00e1s para trasladar la exposici\u00f3n a la capital y llegar a m\u00e1s p\u00fablico, pues consideran que sus sectores sociales y productivos necesitan de mayor impulso.<\/p>\n\n\n\n<p>Es as\u00ed como en pr\u00f3ximo 11 de febrero se desarrollar\u00e1 la exposici\u00f3n en el hotel \u201cCasa Antica\u201d, en el Centro Hist\u00f3rico de la capital, a partir de las 11:00 horas y con entrada gratuita, la cual incluye la participaci\u00f3n de 11 artistas invitados, una poetisa, los cantantes Andrea Ferry, Jorge Jes\u00fas Osio M\u00e9ndez, Marco Valeriano y el cantautor zapoteco Pl\u00e1cido Hern\u00e1ndez.<\/p>\n\n\n\n<p>Adem\u00e1s de la presencia de maestros mezcaleros promocionando la Ruta \u201cCaminos del Mezcal\u201d y una charla abierta con el master mezcalier, Miguel \u00c1ngel L\u00f3pez Olvera.<\/p>\n\n\n\n<p>El encuentro es organizado por diversos participantes, entre ellos la directora cultural Antica, del hotel del mismo nombre, y el ayuntamiento de Matatl\u00e1n; participa adem\u00e1s Andrea Ferri, cantante oaxaque\u00f1a.<\/p>\n\n\n\n<p>En conferencia de prensa, Pl\u00e1cido Hern\u00e1ndez se\u00f1al\u00f3 que las comunidades mezcaleras que son parte de Ruta de Mezcal, en los Valles Centrales de Oaxaca, se encuentran en el completo olvido institucional.<\/p>\n\n\n\n<p>Tras la inauguraci\u00f3n del proyecto en 2015 por el gobierno estatal de Gabino Cu\u00e9 no se ha vuelto a promocionar la ruta, lo que afecta a cientos de familias que dependen de la producci\u00f3n y venta de este producto.<\/p>\n\n\n\n<p>Por ello, dan pie a esta iniciativa y a partir de ah\u00ed solicitar al gobierno estatal actual que retome el proyecto con los mecanismos necesarios y la participaci\u00f3n de los entes suficientes para para que el turismo y los ingresos regresen a sus comunidades.<\/p>\n\n\n\n<p>As\u00ed tambi\u00e9n, demand\u00f3 al gobierno de Salom\u00f3n Jara que la \u201cFeria del mezcal\u201d -que se realiza en el marco de las festividades de la Guelaguetza en julio- sea un espacio libre, del pueblo para el pueblo con la participaci\u00f3n de verdaderos productores y maestros mezcaleros de Oaxaca y deje de ser un negocio.<\/p>\n\n\n\n<p>Durante la presentaci\u00f3n de la exposici\u00f3n estuvo presente el subsecretario de la Secretar\u00eda de Cultura estatal, Nathanael Lorenzo, quien respald\u00f3 la iniciativa de los talentos oaxaque\u00f1os para proyectar la riqueza\u00a0cultural de Oaxaca.\u00a0<\/p>\n\n\n\n<figure class=\"wp-block-embed is-type-rich is-provider-twitter wp-block-embed-twitter\"><div class=\"wp-block-embed__wrapper\">\n<div class=\"twitter-tweet\"><blockquote class=\"twitter-tweet\" data-lang=\"es\"><p lang=\"es\" dir=\"ltr\">La actividad de arte mezcal y m\u00fasica reuniera a varios exponentes el pr\u00f3ximo s\u00e1bado en el hotel \u201cCasa Antica\u201d.<br>Pero adem\u00e1s se busca retomar la ruta del mezcal, a favor de los aut\u00e9nticos productores. <br>El subsecretario de la <a href=\"https:\/\/twitter.com\/SECULTA_GobOax?ref_src=twsrc%5Etfw\">@SECULTA_GobOax<\/a>, Nathanael Lorenzo, expres\u00f3 su respaldo. <a href=\"https:\/\/t.co\/QmEJRNNFMr\">pic.twitter.com\/QmEJRNNFMr<\/a><\/p>&mdash; Zona Roja Oaxaca (@ZonaRoja_Oaxaca) <a href=\"https:\/\/twitter.com\/ZonaRoja_Oaxaca\/status\/1623390068974182400?ref_src=twsrc%5Etfw\">8 de febrero de 2023<\/a><\/blockquote><\/div>\n<\/div><\/figure>\n","protected":false},"excerpt":{"rendered":"<p>Yuridiana Sosa\/Zona Roja. Oaxaca de Ju\u00e1rez, Oax., a 8 de febrero de 2023.- Productores, artistas&hellip;<\/p>\n","protected":false},"author":2,"featured_media":51437,"comment_status":"closed","ping_status":"open","sticky":false,"template":"","format":"standard","meta":{"_lmt_disableupdate":"","_lmt_disable":"","_jetpack_memberships_contains_paid_content":false,"footnotes":""},"categories":[109,46],"tags":[],"class_list":["post-51436","post","type-post","status-publish","format-standard","has-post-thumbnail","hentry","category-minuto-a-minuto","category-zona-blanca"],"jetpack_featured_media_url":"https:\/\/zonaroja.com.mx\/wp-content\/uploads\/2023\/02\/Conferencia-arte-mezcal.jpg","jetpack_sharing_enabled":true,"_links":{"self":[{"href":"https:\/\/zonaroja.com.mx\/index.php?rest_route=\/wp\/v2\/posts\/51436","targetHints":{"allow":["GET"]}}],"collection":[{"href":"https:\/\/zonaroja.com.mx\/index.php?rest_route=\/wp\/v2\/posts"}],"about":[{"href":"https:\/\/zonaroja.com.mx\/index.php?rest_route=\/wp\/v2\/types\/post"}],"author":[{"embeddable":true,"href":"https:\/\/zonaroja.com.mx\/index.php?rest_route=\/wp\/v2\/users\/2"}],"replies":[{"embeddable":true,"href":"https:\/\/zonaroja.com.mx\/index.php?rest_route=%2Fwp%2Fv2%2Fcomments&post=51436"}],"version-history":[{"count":1,"href":"https:\/\/zonaroja.com.mx\/index.php?rest_route=\/wp\/v2\/posts\/51436\/revisions"}],"predecessor-version":[{"id":51438,"href":"https:\/\/zonaroja.com.mx\/index.php?rest_route=\/wp\/v2\/posts\/51436\/revisions\/51438"}],"wp:featuredmedia":[{"embeddable":true,"href":"https:\/\/zonaroja.com.mx\/index.php?rest_route=\/wp\/v2\/media\/51437"}],"wp:attachment":[{"href":"https:\/\/zonaroja.com.mx\/index.php?rest_route=%2Fwp%2Fv2%2Fmedia&parent=51436"}],"wp:term":[{"taxonomy":"category","embeddable":true,"href":"https:\/\/zonaroja.com.mx\/index.php?rest_route=%2Fwp%2Fv2%2Fcategories&post=51436"},{"taxonomy":"post_tag","embeddable":true,"href":"https:\/\/zonaroja.com.mx\/index.php?rest_route=%2Fwp%2Fv2%2Ftags&post=51436"}],"curies":[{"name":"wp","href":"https:\/\/api.w.org\/{rel}","templated":true}]}}