{"id":51439,"date":"2023-02-09T08:25:00","date_gmt":"2023-02-09T14:25:00","guid":{"rendered":"http:\/\/www.zonaroja.com.mx\/?p=51439"},"modified":"2023-02-09T12:14:03","modified_gmt":"2023-02-09T18:14:03","slug":"rodriguez-alamilla-renuncio-a-ddhpo-mismo-dia-que-asumio-fiscalia-y-aun-no-se-la-aceptan","status":"publish","type":"post","link":"https:\/\/zonaroja.com.mx\/?p=51439","title":{"rendered":"Rodr\u00edguez Alamilla dobletea cargos: es fiscal del estado y titular de la DDHPO"},"content":{"rendered":"\n<p>Ismael Garc\u00eda M.\/Zona Roja.<\/p>\n\n\n\n<p>Oaxaca de Ju\u00e1rez, Oax., a 9 de febrero de 2023.- Bernardo Rodr\u00edguez Alamilla present\u00f3 su renuncia a la presidencia de la Defensor\u00eda de los Derechos Humanos del Pueblo de Oaxaca el mismo d\u00eda en que asumi\u00f3 la Fiscal\u00eda General del Estado\u2026 pero el pleno del Congreso del Estado a\u00fan no se la acepta.<\/p>\n\n\n\n<p>Este mi\u00e9rcoles, en sesi\u00f3n ordinaria, el Congreso del Estado dio entrada en primera lectura al dictamen de la Comisi\u00f3n Permanente de Derechos Humanos, en que propone se acepte la renuncia de Rodr\u00edguez Alamilla.<\/p>\n\n\n\n<p>No obstante, ser\u00eda hasta el pr\u00f3ximo mi\u00e9rcoles en que el pleno de la 65 Legislatura lo vote y en su caso acepte la renuncia.<\/p>\n\n\n\n<p>El documento en que el actual fiscal present\u00f3 su dimisi\u00f3n a la Defensor\u00eda de los Derechos Humanos est\u00e1 fechado el mismo d\u00eda en que fue designado fiscal.<\/p>\n\n\n\n<p>\u201cEn fecha veinticinco de enero de dos mil veintitr\u00e9s se recibi\u00f3 en la Secretar\u00eda de Servicios Parlamentarios del H. Congreso del Estado de Oaxaca, el oficio n\u00famero DDHPO\/OD\/016\/2023 mediante el cual el ciudadano Jos\u00e9 Bernardo Rodr\u00edguez Alamilla present\u00f3 renuncia a su cargo como defensor de los Derechos Humanos del Pueblo de Oaxaca\u201d, detalla el dictamen.<\/p>\n\n\n\n<p>La propuesta que present\u00f3 la Comisi\u00f3n Permanente de Derechos Humanos considera se declare la ausencia definitiva al citado cargo y se designe a Amalia Rueda Alonso como defensora interina del organismo, hasta que se designe nuevo titular.<\/p>\n\n\n\n<p>El mismo mi\u00e9rcoles 25 de enero, en sesi\u00f3n ordinaria, Rodr\u00edguez Alamilla fue designado por unanimidad de votos del pleno del Congreso como titular de la Fiscal\u00eda General del Estado, en sustituci\u00f3n de Arturo Peimbert Calvo, quien renunci\u00f3 un mes antes a ese cargo.<\/p>\n\n\n\n<p>Fue el 2 de abril del 2019 en que Bernardo Rodr\u00edguez Alamilla fue designado como responsable de la Defensor\u00eda, en sustituci\u00f3n Arturo Peimbert Calvo, al cumplir \u00e9ste su ciclo para el que fue designado.<\/p>\n","protected":false},"excerpt":{"rendered":"<p>Ismael Garc\u00eda M.\/Zona Roja. Oaxaca de Ju\u00e1rez, Oax., a 9 de febrero de 2023.- Bernardo&hellip;<\/p>\n","protected":false},"author":2,"featured_media":51441,"comment_status":"closed","ping_status":"open","sticky":false,"template":"","format":"standard","meta":{"_lmt_disableupdate":"","_lmt_disable":"","_jetpack_memberships_contains_paid_content":false,"footnotes":""},"categories":[109,47],"tags":[1262],"class_list":["post-51439","post","type-post","status-publish","format-standard","has-post-thumbnail","hentry","category-minuto-a-minuto","category-zona-gris","tag-bernardo-rodriguez-alamilla"],"jetpack_featured_media_url":"https:\/\/zonaroja.com.mx\/wp-content\/uploads\/2023\/02\/Bernardo-Rodriguez-Alamilla.webp","jetpack_sharing_enabled":true,"_links":{"self":[{"href":"https:\/\/zonaroja.com.mx\/index.php?rest_route=\/wp\/v2\/posts\/51439","targetHints":{"allow":["GET"]}}],"collection":[{"href":"https:\/\/zonaroja.com.mx\/index.php?rest_route=\/wp\/v2\/posts"}],"about":[{"href":"https:\/\/zonaroja.com.mx\/index.php?rest_route=\/wp\/v2\/types\/post"}],"author":[{"embeddable":true,"href":"https:\/\/zonaroja.com.mx\/index.php?rest_route=\/wp\/v2\/users\/2"}],"replies":[{"embeddable":true,"href":"https:\/\/zonaroja.com.mx\/index.php?rest_route=%2Fwp%2Fv2%2Fcomments&post=51439"}],"version-history":[{"count":2,"href":"https:\/\/zonaroja.com.mx\/index.php?rest_route=\/wp\/v2\/posts\/51439\/revisions"}],"predecessor-version":[{"id":51460,"href":"https:\/\/zonaroja.com.mx\/index.php?rest_route=\/wp\/v2\/posts\/51439\/revisions\/51460"}],"wp:featuredmedia":[{"embeddable":true,"href":"https:\/\/zonaroja.com.mx\/index.php?rest_route=\/wp\/v2\/media\/51441"}],"wp:attachment":[{"href":"https:\/\/zonaroja.com.mx\/index.php?rest_route=%2Fwp%2Fv2%2Fmedia&parent=51439"}],"wp:term":[{"taxonomy":"category","embeddable":true,"href":"https:\/\/zonaroja.com.mx\/index.php?rest_route=%2Fwp%2Fv2%2Fcategories&post=51439"},{"taxonomy":"post_tag","embeddable":true,"href":"https:\/\/zonaroja.com.mx\/index.php?rest_route=%2Fwp%2Fv2%2Ftags&post=51439"}],"curies":[{"name":"wp","href":"https:\/\/api.w.org\/{rel}","templated":true}]}}