{"id":5144,"date":"2019-10-26T09:57:20","date_gmt":"2019-10-26T14:57:20","guid":{"rendered":"http:\/\/www.zonaroja.com.mx\/?p=5144"},"modified":"2019-10-26T09:57:23","modified_gmt":"2019-10-26T14:57:23","slug":"van-tres-muertos-y-250-viviendas-danadas-por-incendios-en-bc","status":"publish","type":"post","link":"https:\/\/zonaroja.com.mx\/?p=5144","title":{"rendered":"Van tres muertos y 250 viviendas da\u00f1adas, por incendios en BC"},"content":{"rendered":"\n<p>Redacci\u00f3n\/Zona Roja Cdmx.<\/p>\n\n\n\n<p>Foto: Especial<\/p>\n\n\n\n<p>Ciudad de M\u00e9xico, 26 de octubre de 2019.-\nEl saldo de los incendios forestales en Baja California es de tres personas\nmuertas, dos desaparecidas y una herida de gravedad.<\/p>\n\n\n\n<p>Asimismo, la destrucci\u00f3n de m\u00e1s de 250\nviviendas, cien de ellas de p\u00e9rdida total; la suspensi\u00f3n de clases en todos los\nniveles educativos y el cierre, durante 12 horas, de la carretera Esc\u00e9nica,\nseg\u00fan dio a conocer el diario \u201cLa Jornada\u201d.<\/p>\n\n\n\n<p>Una serie de incendios que asuelan la\nfrontera de M\u00e9xico con Estados Unidos y el litoral de Baja California obligaron\nal gobierno de la entidad a decretar el estado de emergencia en los municipios\nde Tecate, Ensenada, Tijuana y Playas de Rosarito, donde el Ej\u00e9rcito aplica el\nplan DN-III de auxilio a la poblaci\u00f3n.<\/p>\n\n\n\n<p>El fuego, que se inici\u00f3 la tarde del\njueves, fue provocado por los vientos calientes de Santa Ana (que se desplazan\ndesde California hasta la pen\u00ednsula) en el norte de Ensenada y se extendi\u00f3\nhasta la costa en Playas de Rosarito, Tijuana y la fronteriza Tecate. <\/p>\n\n\n\n<p>En esta temporada siempre hay peque\u00f1os\nincendios, pero las rachas de viento hasta de 95 kil\u00f3metros por hora propagaron\nel fuego, indic\u00f3 el rotativo.<\/p>\n\n\n\n<p>DECLARATORIA DE EMERGENCIA<\/p>\n\n\n\n<p>El gobernador Francisco Vega de Lamadrid\nanunci\u00f3 que pedir\u00e1 la declaratoria de emergencia porque , dijo, son 250 casas\ndestruidas durante la madrugada. Son los peores incendios de la historia del\nestado.<\/p>\n\n\n\n<p>En Tecate se report\u00f3 el fallecimiento de\nuna adolescente de 13 a\u00f1os y una joven de 23, adem\u00e1s de dos personas\nlesionadas, entre ellas una mujer con 85 por ciento del cuerpo con quemaduras;\ntambi\u00e9n hay dos desaparecidas. En Tijuana un hombre result\u00f3 lesionado.<\/p>\n\n\n\n<p>En Playas de Rosarito un anciano muri\u00f3\ncalcinado en su vivienda que se incendi\u00f3 durante la madrugada en la colonia\nMorelos, aun cuando trat\u00f3 de resguardarse en el ba\u00f1o de su casa junto a su\nperro, que tambi\u00e9n muri\u00f3. Alrededor de su casa se consumieron otras nueve\nviviendas.<\/p>\n\n\n\n<p>Las quemas de mayor magnitud se producen\nen las inmediaciones de la autopista Esc\u00e9nica \u2013Ensenada-Tijuana\u2013 y la carretera\nlibre Ensenada-La Misi\u00f3n, que oblig\u00f3 a cerrar ambas vialidades durante 12 horas\ncomo medida de protecci\u00f3n a los conductores de carros, autobuses y\ntractocamiones.<\/p>\n\n\n\n<p>Caminos y Puentes Federales reabri\u00f3 la\nautopista al mediod\u00eda de este viernes, pero bajo la responsabilidad de los\nconductores, pues hay zonas de muy baja visibilidad por el humo y la cercan\u00eda\nde las llamas. La Polic\u00eda Federal y la Cruz Verde se mantienen cerca de la\ncaseta de cuota de Rosarito, en atenci\u00f3n a alg\u00fan llamado o accidente que pueda\nocurrir en la carretera.<\/p>\n\n\n\n<p>Aproximadamente 6 mil 500 hect\u00e1reas, la mitad de arbustos, han sido afectadas en el municipio de Ensenada y m\u00e1s de cien viviendas siniestradas en la delegaci\u00f3n municipal La Misi\u00f3n, dijo el alcalde Armando Ayala. En tres colonias del municipio de Playas de Rosarito, entre ellas El Mirador, se afectaron decenas de viviendas.<\/p>\n\n\n\n<figure class=\"wp-block-embed-twitter wp-block-embed is-type-rich is-provider-twitter\"><div class=\"wp-block-embed__wrapper\">\n<div class=\"twitter-tweet\"><blockquote class=\"twitter-tweet\" data-lang=\"es\"><p lang=\"es\" dir=\"ltr\">En Baja California la situaci\u00f3n por m\u00faltiples incendios forestales a\u00fan es grave; se reportan al menos tres personas fallecidas y unas 250 viviendas da\u00f1adas. <br>Video: Especial <a href=\"https:\/\/t.co\/H2zFhWRQuP\">pic.twitter.com\/H2zFhWRQuP<\/a><\/p>&mdash; Zona Roja Oaxaca (@MexRoja) <a href=\"https:\/\/twitter.com\/MexRoja\/status\/1188106084243800064?ref_src=twsrc%5Etfw\">26 de octubre de 2019<\/a><\/blockquote><\/div>\n<\/div><\/figure>\n\n\n\n<p>APOYA EJ\u00c9RCITO<\/p>\n\n\n\n<p>El Ej\u00e9rcito Mexicano auxilia a la\npoblaci\u00f3n, mientras la Guardia Nacional, Bomberos y voluntarios, adem\u00e1s de\nunidades de la Direcci\u00f3n de Seguridad P\u00fablica Municipal participan en el\ndesalojo de las personas que se encuentran en riesgo.<\/p>\n\n\n\n<p>Ayala reiter\u00f3 el llamado a la poblaci\u00f3n\na extremar precauciones para evitar m\u00e1s incendios forestales y estar atentos a\nlos reportes que emitan las autoridades de Protecci\u00f3n Civil, adem\u00e1s de emitir\nun dictamen del Consejo Municipal para tener acceso a los fondos estatales y\nfederales como consecuencia del siniestro.<\/p>\n\n\n\n<p>Si les piden desalojar, h\u00e1ganlo, ya que\nes como medida preventiva para salvaguardar su integridad, se\u00f1al\u00f3 el edil.<\/p>\n\n\n\n<p>La suspensi\u00f3n de clases se decidi\u00f3 la\nma\u00f1ana de este viernes por seguridad, salud y recomendaci\u00f3n de la Direcci\u00f3n de\nProtecci\u00f3n Civil Municipal, el departamento de Bomberos y la Secretar\u00eda de\nEducaci\u00f3n. La medida se aplic\u00f3 para todos los niveles escolares en los\nmunicipios de Tijuana, Playas de Rosarito y Tecate, desde prescolar hasta\nuniversitario, inform\u00f3 el Sistema Educativo. S\u00f3lo hubo actividades acad\u00e9micas\nen escuelas de los municipios de Ensenada y Mexicali.<\/p>\n\n\n\n<p>El presidente municipal de Ensenada,\nArmando Ayala Robles y el titular de Bomberos, Mauricio Gonz\u00e1lez, informaron\nque residentes de Bajamar fueron desalojados y resguardados en el hotel del\nmismo complejo. La autoridad habilit\u00f3 centros de acopio para v\u00edveres y agua en\napoyo de las personas que combaten los incendios y para quienes fueron\nevacuados de sus hogares por precauci\u00f3n.<\/p>\n\n\n\n<p>CORTO CIRCUITO EN HOSPITAL<\/p>\n\n\n\n<p>Por otra parte, un incendio, al parecer\nprovocado por un cortocircuito, dej\u00f3 un saldo de dos personas fallecidas y una\ntercera fue internada en el hospital general Jes\u00fas Kumate Rodr\u00edguez, de Canc\u00fan,\nQuintana Roo, inform\u00f3 el director de Bomberos, Thomas Hurtado.<\/p>\n\n\n\n<p>El personal que acudi\u00f3 en auxilio\nlocaliz\u00f3 a dos mujeres que perecieron en el lugar presumiblemente por\ninhalaci\u00f3n de humo. Los bomberos, quienes tuvieron que romper protecciones de\nlas ventanas para poder ingresar, encontraron con vida a Mar\u00eda Luisa Lor\u00eda\nMendoza y la trasladaron al nosocomio.<\/p>\n\n\n\n<p>El fuego se produjo a las 3:20 de la\nmadrugada en una casa habitaci\u00f3n de la regi\u00f3n 212, fraccionamiento Alejandr\u00eda,\nen la ciudad de Canc\u00fan. La vivienda fue totalmente consumida por el fuego.<\/p>\n\n\n\n<p>(Con informaci\u00f3n de \u201cLa Jornada Baja\nCalifornia\u201d)<\/p>\n","protected":false},"excerpt":{"rendered":"<p>Redacci\u00f3n\/Zona Roja Cdmx. Foto: Especial Ciudad de M\u00e9xico, 26 de octubre de 2019.- El saldo&hellip;<\/p>\n","protected":false},"author":2,"featured_media":5145,"comment_status":"closed","ping_status":"open","sticky":false,"template":"","format":"standard","meta":{"_lmt_disableupdate":"","_lmt_disable":"","_jetpack_memberships_contains_paid_content":false,"footnotes":""},"categories":[109,47],"tags":[917],"class_list":["post-5144","post","type-post","status-publish","format-standard","has-post-thumbnail","hentry","category-minuto-a-minuto","category-zona-gris","tag-incendios-baja-california"],"jetpack_featured_media_url":"https:\/\/zonaroja.com.mx\/wp-content\/uploads\/2019\/10\/incendios-BC.jpeg","jetpack_sharing_enabled":true,"_links":{"self":[{"href":"https:\/\/zonaroja.com.mx\/index.php?rest_route=\/wp\/v2\/posts\/5144","targetHints":{"allow":["GET"]}}],"collection":[{"href":"https:\/\/zonaroja.com.mx\/index.php?rest_route=\/wp\/v2\/posts"}],"about":[{"href":"https:\/\/zonaroja.com.mx\/index.php?rest_route=\/wp\/v2\/types\/post"}],"author":[{"embeddable":true,"href":"https:\/\/zonaroja.com.mx\/index.php?rest_route=\/wp\/v2\/users\/2"}],"replies":[{"embeddable":true,"href":"https:\/\/zonaroja.com.mx\/index.php?rest_route=%2Fwp%2Fv2%2Fcomments&post=5144"}],"version-history":[{"count":1,"href":"https:\/\/zonaroja.com.mx\/index.php?rest_route=\/wp\/v2\/posts\/5144\/revisions"}],"predecessor-version":[{"id":5146,"href":"https:\/\/zonaroja.com.mx\/index.php?rest_route=\/wp\/v2\/posts\/5144\/revisions\/5146"}],"wp:featuredmedia":[{"embeddable":true,"href":"https:\/\/zonaroja.com.mx\/index.php?rest_route=\/wp\/v2\/media\/5145"}],"wp:attachment":[{"href":"https:\/\/zonaroja.com.mx\/index.php?rest_route=%2Fwp%2Fv2%2Fmedia&parent=5144"}],"wp:term":[{"taxonomy":"category","embeddable":true,"href":"https:\/\/zonaroja.com.mx\/index.php?rest_route=%2Fwp%2Fv2%2Fcategories&post=5144"},{"taxonomy":"post_tag","embeddable":true,"href":"https:\/\/zonaroja.com.mx\/index.php?rest_route=%2Fwp%2Fv2%2Ftags&post=5144"}],"curies":[{"name":"wp","href":"https:\/\/api.w.org\/{rel}","templated":true}]}}