{"id":51443,"date":"2023-02-09T07:20:49","date_gmt":"2023-02-09T13:20:49","guid":{"rendered":"http:\/\/www.zonaroja.com.mx\/?p=51443"},"modified":"2023-02-09T07:20:51","modified_gmt":"2023-02-09T13:20:51","slug":"roja-primavera-oaxaquena-asesinan-a-individuo-en-xoxocotlan","status":"publish","type":"post","link":"https:\/\/zonaroja.com.mx\/?p=51443","title":{"rendered":"Roja \u201cprimavera oaxaque\u00f1a\u201d: asesinan a individuo en Xoxocotl\u00e1n"},"content":{"rendered":"\n<p>Redacci\u00f3n\/Zona Roja.<\/p>\n\n\n\n<p>Oaxaca de Ju\u00e1rez, Oax., a 9 de febrero de 2023.- La madrugada de este jueves falleci\u00f3 en el Hospital General \u201cDr. Aurelio Valdivieso\u201d un individuo atacado a balazos en Santa Cruz Xoxocotl\u00e1n.<\/p>\n\n\n\n<p>Fue anoche en la cancha deportiva de la colonia Miner\u00eda en que, de acuerdo con reportes policiacos, dos sujetos armados a bordo de una motocicleta dispararon en contra del individuo.<\/p>\n\n\n\n<p>Param\u00e9dicos arribaron a la zona y lo trasladaron al Hospital Civil de la capital, donde esta madrugada se confirm\u00f3 que dej\u00f3 de existir.<\/p>\n\n\n\n<p>La v\u00edctima fue identificada como Javier \u201cN\u201d, de 35 a\u00f1os de edad, y a\u00fan se desconoce el m\u00f3vil del crimen; hasta el momento no se han reportado detenciones por este caso.<\/p>\n\n\n\n<p>M\u00c1S AGRESIONES<\/p>\n\n\n\n<p>Por otra parte, presuntos integrantes de la Confederaci\u00f3n Aut\u00f3noma de Trabajadores y Empleados de M\u00e9xico (CATEM) agredieron a trabajadores de la empresa \u201cNeto\u201d.<\/p>\n\n\n\n<p>Los hechos sucedieron ayer por la tarde a un costado de la carretera federal Oaxaca-M\u00e9xico, en inmediaciones de la localidad La Capellan\u00eda, Etla.<\/p>\n\n\n\n<p>Los transportistas pretenden con violencia que les otorguen la concesi\u00f3n del transporte de carga de mercanc\u00edas; elementos de la Polic\u00eda Estatal arribaron al sitio pero no efectuaron detenciones.<\/p>\n\n\n\n<p>Mientras tanto, casi a la media noche del martes, en loa calle Jos\u00e9 F. G\u00f3mez de la Quinta Secci\u00f3n, en Juchit\u00e1n de Zaragoza, un individuo fue agredido a balazos.<\/p>\n\n\n\n<p>Jos\u00e9 Francisco \u201cN\u201d, de 32 a\u00f1os de edad, fue ingresado a un hospital, donde a\u00fan lo reportan como delicado de salud.<\/p>\n","protected":false},"excerpt":{"rendered":"<p>Redacci\u00f3n\/Zona Roja. Oaxaca de Ju\u00e1rez, Oax., a 9 de febrero de 2023.- La madrugada de&hellip;<\/p>\n","protected":false},"author":2,"featured_media":44226,"comment_status":"closed","ping_status":"open","sticky":false,"template":"","format":"standard","meta":{"_lmt_disableupdate":"","_lmt_disable":"","_jetpack_memberships_contains_paid_content":false,"footnotes":""},"categories":[109,51],"tags":[133],"class_list":["post-51443","post","type-post","status-publish","format-standard","has-post-thumbnail","hentry","category-minuto-a-minuto","category-zona-roja","tag-santa-cruz-xoxocotlan"],"jetpack_featured_media_url":"https:\/\/zonaroja.com.mx\/wp-content\/uploads\/2022\/08\/Policias-sirenas-inseguridad-violencia-escena-crimen.png","jetpack_sharing_enabled":true,"_links":{"self":[{"href":"https:\/\/zonaroja.com.mx\/index.php?rest_route=\/wp\/v2\/posts\/51443","targetHints":{"allow":["GET"]}}],"collection":[{"href":"https:\/\/zonaroja.com.mx\/index.php?rest_route=\/wp\/v2\/posts"}],"about":[{"href":"https:\/\/zonaroja.com.mx\/index.php?rest_route=\/wp\/v2\/types\/post"}],"author":[{"embeddable":true,"href":"https:\/\/zonaroja.com.mx\/index.php?rest_route=\/wp\/v2\/users\/2"}],"replies":[{"embeddable":true,"href":"https:\/\/zonaroja.com.mx\/index.php?rest_route=%2Fwp%2Fv2%2Fcomments&post=51443"}],"version-history":[{"count":1,"href":"https:\/\/zonaroja.com.mx\/index.php?rest_route=\/wp\/v2\/posts\/51443\/revisions"}],"predecessor-version":[{"id":51444,"href":"https:\/\/zonaroja.com.mx\/index.php?rest_route=\/wp\/v2\/posts\/51443\/revisions\/51444"}],"wp:featuredmedia":[{"embeddable":true,"href":"https:\/\/zonaroja.com.mx\/index.php?rest_route=\/wp\/v2\/media\/44226"}],"wp:attachment":[{"href":"https:\/\/zonaroja.com.mx\/index.php?rest_route=%2Fwp%2Fv2%2Fmedia&parent=51443"}],"wp:term":[{"taxonomy":"category","embeddable":true,"href":"https:\/\/zonaroja.com.mx\/index.php?rest_route=%2Fwp%2Fv2%2Fcategories&post=51443"},{"taxonomy":"post_tag","embeddable":true,"href":"https:\/\/zonaroja.com.mx\/index.php?rest_route=%2Fwp%2Fv2%2Ftags&post=51443"}],"curies":[{"name":"wp","href":"https:\/\/api.w.org\/{rel}","templated":true}]}}