{"id":51451,"date":"2023-02-09T07:38:18","date_gmt":"2023-02-09T13:38:18","guid":{"rendered":"http:\/\/www.zonaroja.com.mx\/?p=51451"},"modified":"2023-02-09T07:38:20","modified_gmt":"2023-02-09T13:38:20","slug":"promueve-poder-judicial-proteccion-de-derechos-de-ninas-ninos-y-adolescentes","status":"publish","type":"post","link":"https:\/\/zonaroja.com.mx\/?p=51451","title":{"rendered":"Promueve Poder Judicial protecci\u00f3n de derechos de ni\u00f1as, ni\u00f1os y adolescentes"},"content":{"rendered":"\n<p>Redacci\u00f3n\/Zona Roja.<\/p>\n\n\n\n<p>Oaxaca de Ju\u00e1rez, Oax., a 9 de febrero de 2023.- El Poder Judicial del Estado&nbsp;de&nbsp;Oaxaca ha&nbsp;desarrollado&nbsp;mecanismos y&nbsp;adoptado&nbsp;protocolos&nbsp;especializados&nbsp;para las personas que imparten justicia en casos donde involucren a ni\u00f1as, ni\u00f1os y adolescentes,&nbsp;con el objetivo de salvaguardar en todo momento&nbsp;el Inter\u00e9s Superior de la Ni\u00f1ez y garantizar plenamente los derechos de ni\u00f1as, ni\u00f1os y adolescentes.&nbsp;<\/p>\n\n\n\n<p>Sobre este tema, la jueza S\u00e9ptimo Familiar del Centro&nbsp;y Conclusi\u00f3n de Asuntos del S\u00e9ptimo Civil&nbsp;del Poder Judicial del Estado, licenciada Adriana L\u00f3pez Arango, indic\u00f3&nbsp;que,&nbsp;en&nbsp;estos&nbsp;asuntos, que en su mayor\u00eda se relacionan con las demandas de pensi\u00f3n alimenticia, convivencia, guarda y custodia, abusos o maltratos,&nbsp;entre otros,&nbsp;las y los menores de edad tienen el derecho a ser escuchados y tambi\u00e9n a que se valore su opini\u00f3n.&nbsp;<\/p>\n\n\n\n<p>\u201cCuando&nbsp;una ni\u00f1a, ni\u00f1o o adolescente&nbsp;nos abre su coraz\u00f3n y nos cuenta todo lo que est\u00e1 sucediendo&nbsp;en su n\u00facleo familiar,&nbsp;nosotros como autoridad tenemos esa obligaci\u00f3n de devolverle explic\u00e1ndole de qu\u00e9 manera fueron tomadas en cuenta sus consideraciones\u201d, coment\u00f3.&nbsp;<\/p>\n\n\n\n<p>Resalt\u00f3 que&nbsp;las y los jueces se apoyan de peritos psic\u00f3logos o incluso el mismo juzgador puede realizar la escucha en un ambiente de confianza y privado, con el fin de que el menor de edad pueda externar sus puntos de vista sin que se sienta culpable de lo que diga, salvaguardando en todo momento sus derechos.<\/p>\n\n\n\n<p>La jueza S\u00e9ptimo Familiar del Centro, explic\u00f3&nbsp;que&nbsp;de acuerdo a la legislaci\u00f3n,&nbsp;las ni\u00f1as y ni\u00f1os&nbsp;tienen derecho a ser escuchados por el juez,&nbsp;independientemente de su edad&nbsp;y que dicha comunicaci\u00f3n se d\u00e9 de manera libre y espont\u00e1nea, con un lenguaje adecuado.&nbsp;<\/p>\n\n\n\n<p>\u201cSe trata de valorar su opini\u00f3n&nbsp;de manera congruente&nbsp;y dictar&nbsp;una decisi\u00f3n&nbsp;a&nbsp;partir de&nbsp;la&nbsp;adecuada ponderaci\u00f3n entre lo que el ni\u00f1o expresa&nbsp;y&nbsp;el contexto de la controversia familiar.&nbsp;Entre m\u00e1s capacidades tenga&nbsp;la ni\u00f1ez&nbsp;para expresarse,&nbsp;los medios y los&nbsp;mecanismos tendr\u00e1n que adaptarse&nbsp;a ese desarrollo\u201d, dijo.<\/p>\n\n\n\n<p>Para el titular del Poder Judicial, magistrado Eduardo Pinacho S\u00e1nchez&nbsp;garantizar los derechos de&nbsp;ni\u00f1as, ni\u00f1os, adolescentes&nbsp;y j\u00f3venes en el marco de las obligaciones que determina la Constituci\u00f3n Pol\u00edtica de M\u00e9xico y los tratados y convenciones internacionales firmados por nuestro pa\u00eds en la materia,&nbsp;es prioridad&nbsp;pues de esa manera se contribuye a su desarrollo integral y el bienestar del entorno en el que&nbsp;viven.<\/p>\n","protected":false},"excerpt":{"rendered":"<p>Redacci\u00f3n\/Zona Roja. Oaxaca de Ju\u00e1rez, Oax., a 9 de febrero de 2023.- El Poder Judicial&hellip;<\/p>\n","protected":false},"author":2,"featured_media":51433,"comment_status":"closed","ping_status":"open","sticky":false,"template":"","format":"standard","meta":{"_lmt_disableupdate":"","_lmt_disable":"","_jetpack_memberships_contains_paid_content":false,"footnotes":""},"categories":[109,46],"tags":[223],"class_list":["post-51451","post","type-post","status-publish","format-standard","has-post-thumbnail","hentry","category-minuto-a-minuto","category-zona-blanca","tag-poder-judicial-de-oaxaca"],"jetpack_featured_media_url":"https:\/\/zonaroja.com.mx\/wp-content\/uploads\/2023\/02\/Apegada-a-protocolos-la-actuacion-de-juezas-y-jueces-1.jpeg","jetpack_sharing_enabled":true,"_links":{"self":[{"href":"https:\/\/zonaroja.com.mx\/index.php?rest_route=\/wp\/v2\/posts\/51451","targetHints":{"allow":["GET"]}}],"collection":[{"href":"https:\/\/zonaroja.com.mx\/index.php?rest_route=\/wp\/v2\/posts"}],"about":[{"href":"https:\/\/zonaroja.com.mx\/index.php?rest_route=\/wp\/v2\/types\/post"}],"author":[{"embeddable":true,"href":"https:\/\/zonaroja.com.mx\/index.php?rest_route=\/wp\/v2\/users\/2"}],"replies":[{"embeddable":true,"href":"https:\/\/zonaroja.com.mx\/index.php?rest_route=%2Fwp%2Fv2%2Fcomments&post=51451"}],"version-history":[{"count":1,"href":"https:\/\/zonaroja.com.mx\/index.php?rest_route=\/wp\/v2\/posts\/51451\/revisions"}],"predecessor-version":[{"id":51452,"href":"https:\/\/zonaroja.com.mx\/index.php?rest_route=\/wp\/v2\/posts\/51451\/revisions\/51452"}],"wp:featuredmedia":[{"embeddable":true,"href":"https:\/\/zonaroja.com.mx\/index.php?rest_route=\/wp\/v2\/media\/51433"}],"wp:attachment":[{"href":"https:\/\/zonaroja.com.mx\/index.php?rest_route=%2Fwp%2Fv2%2Fmedia&parent=51451"}],"wp:term":[{"taxonomy":"category","embeddable":true,"href":"https:\/\/zonaroja.com.mx\/index.php?rest_route=%2Fwp%2Fv2%2Fcategories&post=51451"},{"taxonomy":"post_tag","embeddable":true,"href":"https:\/\/zonaroja.com.mx\/index.php?rest_route=%2Fwp%2Fv2%2Ftags&post=51451"}],"curies":[{"name":"wp","href":"https:\/\/api.w.org\/{rel}","templated":true}]}}