{"id":51458,"date":"2023-02-09T12:23:00","date_gmt":"2023-02-09T18:23:00","guid":{"rendered":"http:\/\/www.zonaroja.com.mx\/?p=51458"},"modified":"2023-02-09T17:43:31","modified_gmt":"2023-02-09T23:43:31","slug":"pend1-20","status":"publish","type":"post","link":"https:\/\/zonaroja.com.mx\/?p=51458","title":{"rendered":"Crisis de gobernabilidad: otra vez bloqueos en el Istmo, a falta de atenci\u00f3n"},"content":{"rendered":"\n<p>Yuridiana Sosa\/Zona Roja.<\/p>\n\n\n\n<p>Oaxaca de Ju\u00e1rez, Oax., a 9 de febrero de 2023.- La desatenci\u00f3n de las demandas sociales y el desinter\u00e9s de resolver por parte de la Secretar\u00eda de Gobierno de Oaxaca, incentivaron otra vez el desarrollo de dos bloqueos en la regi\u00f3n del Istmo, pese a su previo anuncio.&nbsp;<\/p>\n\n\n\n<p>Poco antes&nbsp;de las 09:00&nbsp;horas de&nbsp;este jueves, pobladores de dicha regi\u00f3n del estado integrados en el Movimiento Nacional por el Derecho Humano a la Energ\u00eda El\u00e9ctrica y una Tarifa Social Justa iniciaron su jornada de protesta con el cierre de carreteras en al menos dos puntos, pero causando afectaciones viales y el paso al estado de Chiapas.<\/p>\n\n\n\n<p>Los habitantes exigen un alto a los cobros excesivos en el consumo de energ\u00eda el\u00e9ctrica por parte de la Comisi\u00f3n Federal de Electricidad, pues los costos no corresponden a lo que las familias consumen en sus hogares.&nbsp;<\/p>\n\n\n\n<p>Bajo el lema \u201cLa luz es del pueblo y para el pueblo\u201d, los inconformes demandan tarifas justas, as\u00ed como que se aplique la condonaci\u00f3n del consumo de quienes, hasta ahora, por el alto costo, no pueden pagar.<\/p>\n\n\n\n<p>Para hacer presi\u00f3n a su demanda, y que haya atenci\u00f3n del gobierno del estado y federal, los inconformes activaron un bloqueo sobre la carretera Panamericana 190, en kil\u00f3metro 67, en el Puente Zanatepec, en el tramo Niltepec-Zanatepec.<\/p>\n\n\n\n<p>Mientras que otro se instal\u00f3 en la carretera trans\u00edstmica 185 el tramo Juchit\u00e1n-Tehuantepec, en el entronque a Puente Madera, por parte de habitantes de esa comunidad, agencia del municipio de San Blas Atempa.<\/p>\n\n\n\n<p>Desde el mi\u00e9rcoles por la tarde los habitantes de esta comunidad alertaron de este bloqueo y pese a ello la Secretar\u00eda de Gobierno de Oaxaca que encabeza Jes\u00fas Romero L\u00f3pez logr\u00f3 conciliar.A eso se suma el antecedente que han sido en bloqueos de los pobladores de Puente Madera en los que se han registrado actos vand\u00e1licos contra terceros y autoridades municipales en su exigencia de mesas de negociaci\u00f3n y soluci\u00f3n a sus demandas relacionadas a su rechazo a la construcci\u00f3n del Corredor Trans\u00edstmico.<\/p>\n","protected":false},"excerpt":{"rendered":"<p>Yuridiana Sosa\/Zona Roja. Oaxaca de Ju\u00e1rez, Oax., a 9 de febrero de 2023.- La desatenci\u00f3n&hellip;<\/p>\n","protected":false},"author":2,"featured_media":51461,"comment_status":"closed","ping_status":"open","sticky":false,"template":"","format":"standard","meta":{"_lmt_disableupdate":"","_lmt_disable":"","_jetpack_memberships_contains_paid_content":false,"footnotes":""},"categories":[109,47],"tags":[],"class_list":["post-51458","post","type-post","status-publish","format-standard","has-post-thumbnail","hentry","category-minuto-a-minuto","category-zona-gris"],"jetpack_featured_media_url":"https:\/\/zonaroja.com.mx\/wp-content\/uploads\/2023\/02\/img_2789.jpg","jetpack_sharing_enabled":true,"_links":{"self":[{"href":"https:\/\/zonaroja.com.mx\/index.php?rest_route=\/wp\/v2\/posts\/51458","targetHints":{"allow":["GET"]}}],"collection":[{"href":"https:\/\/zonaroja.com.mx\/index.php?rest_route=\/wp\/v2\/posts"}],"about":[{"href":"https:\/\/zonaroja.com.mx\/index.php?rest_route=\/wp\/v2\/types\/post"}],"author":[{"embeddable":true,"href":"https:\/\/zonaroja.com.mx\/index.php?rest_route=\/wp\/v2\/users\/2"}],"replies":[{"embeddable":true,"href":"https:\/\/zonaroja.com.mx\/index.php?rest_route=%2Fwp%2Fv2%2Fcomments&post=51458"}],"version-history":[{"count":2,"href":"https:\/\/zonaroja.com.mx\/index.php?rest_route=\/wp\/v2\/posts\/51458\/revisions"}],"predecessor-version":[{"id":51462,"href":"https:\/\/zonaroja.com.mx\/index.php?rest_route=\/wp\/v2\/posts\/51458\/revisions\/51462"}],"wp:featuredmedia":[{"embeddable":true,"href":"https:\/\/zonaroja.com.mx\/index.php?rest_route=\/wp\/v2\/media\/51461"}],"wp:attachment":[{"href":"https:\/\/zonaroja.com.mx\/index.php?rest_route=%2Fwp%2Fv2%2Fmedia&parent=51458"}],"wp:term":[{"taxonomy":"category","embeddable":true,"href":"https:\/\/zonaroja.com.mx\/index.php?rest_route=%2Fwp%2Fv2%2Fcategories&post=51458"},{"taxonomy":"post_tag","embeddable":true,"href":"https:\/\/zonaroja.com.mx\/index.php?rest_route=%2Fwp%2Fv2%2Ftags&post=51458"}],"curies":[{"name":"wp","href":"https:\/\/api.w.org\/{rel}","templated":true}]}}