{"id":51463,"date":"2023-02-09T18:47:17","date_gmt":"2023-02-10T00:47:17","guid":{"rendered":"http:\/\/www.zonaroja.com.mx\/?p=51463"},"modified":"2023-02-09T18:47:19","modified_gmt":"2023-02-10T00:47:19","slug":"tras-masacre-de-dos-mujeres-y-un-hombre-se-levanta-mult-de-mesa-de-paz-con-gobierno","status":"publish","type":"post","link":"https:\/\/zonaroja.com.mx\/?p=51463","title":{"rendered":"Tras masacre de dos mujeres y un hombre, se levanta MULT de mesa de paz con gobierno"},"content":{"rendered":"\n<p>Yuridiana Sosa\/Zona Roja.<\/p>\n\n\n\n<p>Oaxaca de Ju\u00e1rez, Oax., a 9 de febrero de 2023.- A menos de dos semanas de un ataque armado, el Movimiento de Unificaci\u00f3n y Lucha Triqui (MULT) denunci\u00f3 otra agresi\u00f3n mortal contra sus miembros, con saldo de tres personas muertas, por lo que anunci\u00f3 que se levanta de la Mesa de paz, justicia y bienestar para la naci\u00f3n Triqui\u201d, en busca del retorno a Tierra Blanca Copala, Juxtlahuaca.<\/p>\n\n\n\n<p>La dirigencia de la organizaci\u00f3n, por medio de Octavio&nbsp;de Jes\u00fas D\u00edaz, se\u00f1al\u00f3 que no volver\u00e1n a la mesa de pacificaci\u00f3n -retomada por el gobierno estatal y federal en diciembre, tras los fracasos en el mandado de Alejandro Murat- hasta que el gobierno de Oaxaca detenga a los responsables del asesinato.&nbsp;<\/p>\n\n\n\n<p>En conferencia de prensa, frente a Palacio de Gobierno en la ciudad de Oaxaca, dieron a conocer que este jueves, cerca de las 10:35 horas cuatro de sus integrantes de Tierra Blanca Copala sufrieron una emboscada por parte de militantes de Movimiento de Unificaci\u00f3n y Lucha Triqui Independiente (MULTI).&nbsp;<\/p>\n\n\n\n<p>En el ataque fueron asesinados&nbsp;Leodegario Cruz de Jes\u00fas, de 33 a\u00f1os de edad; Gabina Mart\u00ednez de Jes\u00fas, de 55 a\u00f1os y Mar\u00eda Ram\u00edrez Mart\u00ednez, de 80 a\u00f1os de edad, mientras que Antonio de Jes\u00fas Mart\u00ednez, de 85 a\u00f1os, qued\u00f3 gravemente herido. &nbsp;<\/p>\n\n\n\n<p>Todos ellos se dirig\u00edan al Hospital de Putla a bordo de un veh\u00edculo tipo Tsuru color blanco, el cual qued\u00f3 repleto de impactos de bala de grueso calibre.<\/p>\n\n\n\n<p>La organizaci\u00f3n apunt\u00f3 como sus principales enemigos a\u00a0Marcos Garc\u00eda Junior, Horacio Santiago Garc\u00eda y Macario Garc\u00eda, del Movimiento de Unificaci\u00f3n y Lucha Triqui Independiente.<\/p>\n\n\n\n<figure class=\"wp-block-embed is-type-rich is-provider-twitter wp-block-embed-twitter\"><div class=\"wp-block-embed__wrapper\">\n<div class=\"twitter-tweet\"><blockquote class=\"twitter-tweet\" data-lang=\"es\"><p lang=\"es\" dir=\"ltr\"><a href=\"https:\/\/twitter.com\/hashtag\/%C3%9AltimoMinuto?src=hash&amp;ref_src=twsrc%5Etfw\">#\u00daltimoMinuto<\/a><br>No cesan las masacres en <a href=\"https:\/\/twitter.com\/hashtag\/Oaxaca?src=hash&amp;ref_src=twsrc%5Etfw\">#Oaxaca<\/a>. <br>El MULT (<a href=\"https:\/\/twitter.com\/siimachumaa?ref_src=twsrc%5Etfw\">@siimachumaa<\/a>) denuncia emboscada y ataque armado en Tierra Blanca Copala, con saldo de tres personas asesinadas a balazos -dos de ellas mujeres- y un lesionado. <br>Exige justicia y anuncia movilizaci\u00f3n nacional. <a href=\"https:\/\/t.co\/0EcwPAxpTt\">pic.twitter.com\/0EcwPAxpTt<\/a><\/p>&mdash; Zona Roja Oaxaca (@ZonaRoja_Oaxaca) <a href=\"https:\/\/twitter.com\/ZonaRoja_Oaxaca\/status\/1623772494980317184?ref_src=twsrc%5Etfw\">9 de febrero de 2023<\/a><\/blockquote><\/div>\n<\/div><\/figure>\n\n\n\n<p>\u201cNo podemos seguir simulando, no podemos decir que somos cuarta transformaci\u00f3n cuando no se hace nada\u201d, apunt\u00f3 e dirigente del MULT en su exigencia de justicia.&nbsp;<\/p>\n\n\n\n<p>Agreg\u00f3 que el gobierno estatal \u201cse puede excusar que tiene pocos d\u00edas, pero eso no significa no pueda accionar, detener, investigar de manera correcta a las personas que comenten esos asesinatos\u201d.<\/p>\n\n\n\n<p>OTROS HECHOS&nbsp;<\/p>\n\n\n\n<p>El pasado&nbsp;28 de enero, el MULT denunci\u00f3 un primer ataque este a\u00f1o, con saldo de una personas muerta y una herida.<\/p>\n\n\n\n<p>La v\u00edctima mortal fue identificada como Juan Mart\u00ednez Flores, de 55 a\u00f1os, mientras que el herido fue &nbsp;su hijo Javier Mart\u00ednez \u00c1lvarez, de 20 a\u00f1os, habitantes de la comunidad de Cruz Chiquita Copala.<\/p>\n\n\n\n<p>Por el hecho, el&nbsp;MULT&nbsp;exigi\u00f3 al gobernador y al titular de la Secretar\u00eda de Gobierno de Oaxaca, Jes\u00fas Romero, as\u00ed como a la Fiscal\u00eda General de Oaxaca el esclarecimiento inmediato del crimen.<\/p>\n\n\n\n<p>En tanto, que este jueves apuntaron que el crimen se registr\u00f3 en el mismo lugar donde ocurri\u00f3 el ataque armado donde muri\u00f3 su compa\u00f1ero Mariano Cruz Garc\u00eda.&nbsp;<\/p>\n\n\n\n<p>Dicho hecho se registr\u00f3 el 8 de agosto de 2022, en&nbsp;la carretera federal 135, a la altura de Concepci\u00f3n Carrizal y en&nbsp;el que otras seis mujeres resultaron lesionadas.<\/p>\n","protected":false},"excerpt":{"rendered":"<p>Yuridiana Sosa\/Zona Roja. Oaxaca de Ju\u00e1rez, Oax., a 9 de febrero de 2023.- A menos&hellip;<\/p>\n","protected":false},"author":2,"featured_media":51466,"comment_status":"closed","ping_status":"open","sticky":false,"template":"","format":"standard","meta":{"_lmt_disableupdate":"","_lmt_disable":"","_jetpack_memberships_contains_paid_content":false,"footnotes":""},"categories":[109,51],"tags":[1712],"class_list":["post-51463","post","type-post","status-publish","format-standard","has-post-thumbnail","hentry","category-minuto-a-minuto","category-zona-roja","tag-tierra-blanca-copala"],"jetpack_featured_media_url":"https:\/\/zonaroja.com.mx\/wp-content\/uploads\/2023\/02\/Emboscada-y-asesinato-tres-triquis-MULT.jpg","jetpack_sharing_enabled":true,"_links":{"self":[{"href":"https:\/\/zonaroja.com.mx\/index.php?rest_route=\/wp\/v2\/posts\/51463","targetHints":{"allow":["GET"]}}],"collection":[{"href":"https:\/\/zonaroja.com.mx\/index.php?rest_route=\/wp\/v2\/posts"}],"about":[{"href":"https:\/\/zonaroja.com.mx\/index.php?rest_route=\/wp\/v2\/types\/post"}],"author":[{"embeddable":true,"href":"https:\/\/zonaroja.com.mx\/index.php?rest_route=\/wp\/v2\/users\/2"}],"replies":[{"embeddable":true,"href":"https:\/\/zonaroja.com.mx\/index.php?rest_route=%2Fwp%2Fv2%2Fcomments&post=51463"}],"version-history":[{"count":1,"href":"https:\/\/zonaroja.com.mx\/index.php?rest_route=\/wp\/v2\/posts\/51463\/revisions"}],"predecessor-version":[{"id":51467,"href":"https:\/\/zonaroja.com.mx\/index.php?rest_route=\/wp\/v2\/posts\/51463\/revisions\/51467"}],"wp:featuredmedia":[{"embeddable":true,"href":"https:\/\/zonaroja.com.mx\/index.php?rest_route=\/wp\/v2\/media\/51466"}],"wp:attachment":[{"href":"https:\/\/zonaroja.com.mx\/index.php?rest_route=%2Fwp%2Fv2%2Fmedia&parent=51463"}],"wp:term":[{"taxonomy":"category","embeddable":true,"href":"https:\/\/zonaroja.com.mx\/index.php?rest_route=%2Fwp%2Fv2%2Fcategories&post=51463"},{"taxonomy":"post_tag","embeddable":true,"href":"https:\/\/zonaroja.com.mx\/index.php?rest_route=%2Fwp%2Fv2%2Ftags&post=51463"}],"curies":[{"name":"wp","href":"https:\/\/api.w.org\/{rel}","templated":true}]}}