{"id":51468,"date":"2023-02-09T20:01:49","date_gmt":"2023-02-10T02:01:49","guid":{"rendered":"http:\/\/www.zonaroja.com.mx\/?p=51468"},"modified":"2023-02-09T20:01:52","modified_gmt":"2023-02-10T02:01:52","slug":"bajaron-homicidios-dolosos-y-feminicidios-en-2022-pero-aumentaron-trata-y-extorsion","status":"publish","type":"post","link":"https:\/\/zonaroja.com.mx\/?p=51468","title":{"rendered":"Bajaron homicidios dolosos y feminicidios en 2022, pero aumentaron trata y extorsi\u00f3n"},"content":{"rendered":"\n<p>Redacci\u00f3n\/Zona Roja Cdmx.<\/p>\n\n\n\n<p>Ciudad de M\u00e9xico, a 9 de febrero de 2023.- En 2022 se registraron en M\u00e9xico disminuciones respecto a 2021 en los registros de v\u00edctimas de homicidio doloso y feminicidio, entre otros, pero aumentaron los delitos de trata de personas y extorsi\u00f3n, indic\u00f3 este mi\u00e9rcoles la organizaci\u00f3n Causa en Com\u00fan, que advirti\u00f3 de un subregistro de cr\u00edmenes.<\/p>\n\n\n\n<p>Seg\u00fan el estudio denominado \u201cAn\u00e1lisis de los registros de incidencia delictiva y posibles manipulaciones\u201d, de la organizaci\u00f3n Causa en Com\u00fan, los homicidios dolosos disminuyeron en un 7%, los feminicidios en un 5%, los secuestros en un 13% y los robos con violencia en un 9%.<\/p>\n\n\n\n<p>Por otra parte, Causa en Com\u00fan inform\u00f3 que aumentaron los registros de trata de personas en un 24%, la extorsi\u00f3n en un 17%, la violencia familiar en un 7% y el narcomenudeo en un 5%.<\/p>\n\n\n\n<p>Los datos se obtienen del Secretariado Ejecutivo del Sistema Nacional de Seguridad P\u00fablica (Sesnsp) y Causa en Com\u00fan inform\u00f3 que entre los hallazgos de anomal\u00edas encontraron que el secretariado \u201cutiliza subclasificaciones en algunos delitos, lo que, al parecer, acota artificialmente algunas categor\u00edas de delitos de alto impacto\u201d.<\/p>\n\n\n\n<p>Esto, por ejemplo, en el caso de \u201cotros delitos contra la vida\u201d que han registrado un incremento a la par del decremento de los registros de homicidio doloso en el periodo 2018-2019.<\/p>\n\n\n\n<p>Asimismo, detectaron un aumento de \u201cotros delitos contra la libertad\u201d.<\/p>\n\n\n\n<p>El diputado federal Jorge Triana, del Partido Acci\u00f3n Nacional (PAN), se\u00f1al\u00f3 en conferencia de prensa que el estudio muestra la importancia de la participaci\u00f3n de la sociedad civil en la vida p\u00fablica de este pa\u00eds.<\/p>\n\n\n\n<p>\u201cEl juego de disminuir los delitos tiene que deberse a una complicidad entre el Sesnsp y la Secretar\u00eda de Seguridad y Protecci\u00f3n Ciudadana\u201d, a\u00f1adi\u00f3.<\/p>\n\n\n\n<p>La presidenta de Causa en Com\u00fan, Mar\u00eda Elena Morera, dijo que es imprescindible contar con cifras de delitos \u201ccercanas a la realidad para el diagn\u00f3stico, an\u00e1lisis, dise\u00f1o y evaluaci\u00f3n de pol\u00edticas p\u00fablicas en materia de seguridad\u201d.<\/p>\n\n\n\n<p>Para avanzar hacia una mayor transparencia en cuanto a situaci\u00f3n de seguridad en el pa\u00eds, la organizaci\u00f3n propuso promover la denuncia ciudadana a trav\u00e9s de campa\u00f1as y aumentar los canales para denunciar y mejorar el acompa\u00f1amiento para personas vulnerables.<\/p>\n\n\n\n<p>(Informaci\u00f3n de la agencia EFE)<\/p>\n","protected":false},"excerpt":{"rendered":"<p>Redacci\u00f3n\/Zona Roja Cdmx. Ciudad de M\u00e9xico, a 9 de febrero de 2023.- En 2022 se&hellip;<\/p>\n","protected":false},"author":2,"featured_media":47151,"comment_status":"closed","ping_status":"open","sticky":false,"template":"","format":"standard","meta":{"_lmt_disableupdate":"","_lmt_disable":"","_jetpack_memberships_contains_paid_content":false,"footnotes":""},"categories":[109,47],"tags":[2376,1746],"class_list":["post-51468","post","type-post","status-publish","format-standard","has-post-thumbnail","hentry","category-minuto-a-minuto","category-zona-gris","tag-causa-en-comun","tag-violencia-en-mexico"],"jetpack_featured_media_url":"https:\/\/zonaroja.com.mx\/wp-content\/uploads\/2022\/10\/Delitos-violencia-homicidios-asesinatos-Oaxaca.jpg","jetpack_sharing_enabled":true,"_links":{"self":[{"href":"https:\/\/zonaroja.com.mx\/index.php?rest_route=\/wp\/v2\/posts\/51468","targetHints":{"allow":["GET"]}}],"collection":[{"href":"https:\/\/zonaroja.com.mx\/index.php?rest_route=\/wp\/v2\/posts"}],"about":[{"href":"https:\/\/zonaroja.com.mx\/index.php?rest_route=\/wp\/v2\/types\/post"}],"author":[{"embeddable":true,"href":"https:\/\/zonaroja.com.mx\/index.php?rest_route=\/wp\/v2\/users\/2"}],"replies":[{"embeddable":true,"href":"https:\/\/zonaroja.com.mx\/index.php?rest_route=%2Fwp%2Fv2%2Fcomments&post=51468"}],"version-history":[{"count":1,"href":"https:\/\/zonaroja.com.mx\/index.php?rest_route=\/wp\/v2\/posts\/51468\/revisions"}],"predecessor-version":[{"id":51469,"href":"https:\/\/zonaroja.com.mx\/index.php?rest_route=\/wp\/v2\/posts\/51468\/revisions\/51469"}],"wp:featuredmedia":[{"embeddable":true,"href":"https:\/\/zonaroja.com.mx\/index.php?rest_route=\/wp\/v2\/media\/47151"}],"wp:attachment":[{"href":"https:\/\/zonaroja.com.mx\/index.php?rest_route=%2Fwp%2Fv2%2Fmedia&parent=51468"}],"wp:term":[{"taxonomy":"category","embeddable":true,"href":"https:\/\/zonaroja.com.mx\/index.php?rest_route=%2Fwp%2Fv2%2Fcategories&post=51468"},{"taxonomy":"post_tag","embeddable":true,"href":"https:\/\/zonaroja.com.mx\/index.php?rest_route=%2Fwp%2Fv2%2Ftags&post=51468"}],"curies":[{"name":"wp","href":"https:\/\/api.w.org\/{rel}","templated":true}]}}