{"id":5147,"date":"2019-10-26T10:12:13","date_gmt":"2019-10-26T15:12:13","guid":{"rendered":"http:\/\/www.zonaroja.com.mx\/?p=5147"},"modified":"2019-10-26T10:12:17","modified_gmt":"2019-10-26T15:12:17","slug":"rafael-angeles-un-oaxaqueno-de-oro-triunfa-colima","status":"publish","type":"post","link":"https:\/\/zonaroja.com.mx\/?p=5147","title":{"rendered":"Rafael \u00c1ngeles, \u00a1un oaxaque\u00f1o de oro!; triunfa Colima"},"content":{"rendered":"\n<p>Evlin Arag\u00f3n\/Zona Roja.<\/p>\n\n\n\n<p>Oaxaca de Ju\u00e1rez, Oax., 26 de octubre de\n2019.- El atleta paral\u00edmpico Rafael \u00c1ngeles Ramales cerr\u00f3 su participaci\u00f3n en\nla Paralimpiada Nacional con tres medallas de oro y dos m\u00e1s de bronce,\nsuperando el n\u00famero de pruebas y medallas del a\u00f1o anterior.<\/p>\n\n\n\n<p>El oaxaque\u00f1o \u201cRafa\u201d, quien tambi\u00e9n ha\nsido seleccionado nacional, se colg\u00f3 tres medallas de oro en nataci\u00f3n, en\npruebas de 400 metros libres de la categor\u00eda S10-SB9, Juvenil Superior 19 a 21\na\u00f1os, as\u00ed como en 100 mariposa y combinado individual, adem\u00e1s de bronce en 50 y\n100 Libres.<\/p>\n\n\n\n<p>As\u00ed lo confirm\u00f3 la titular de la Comisi\u00f3n\nEstatal de Cultura F\u00edsica y Deporte del Estado de Oaxaca, Montserrat Heinze,\nquien adem\u00e1s inform\u00f3 que la justa deportiva se llev\u00f3 a cabo en Colima, en donde\nlas y los atletas oaxaque\u00f1os representaron dignamente a su estado.<\/p>\n\n\n\n<p>El multipremiado atleta empez\u00f3 a\npracticar la nataci\u00f3n como terapia y al ver que obten\u00eda buenos tiempos, decidi\u00f3\nser competidor de alto rendimiento en donde ha conseguido resultados\nimportantes en competencias nacionales poniendo en alto el nombre de Oaxaca.<\/p>\n\n\n\n<p>En sus participaciones en las emisiones del 2016 y 2018 hab\u00eda conseguido cinco medallas, una de oro y una de bronce en esta \u00faltima que se suman a las cinco que obtuvo en este 2019, siendo uno de los medallistas m\u00e1s prol\u00edferos para Oaxaca en Paralimpiadas recientes.<\/p>\n\n\n\n<figure class=\"wp-block-image\"><img decoding=\"async\" width=\"640\" height=\"311\" src=\"http:\/\/www.zonaroja.com.mx\/wp-content\/uploads\/2019\/10\/Image-1-38.png\" alt=\"\" class=\"wp-image-5148\" srcset=\"https:\/\/zonaroja.com.mx\/wp-content\/uploads\/2019\/10\/Image-1-38.png 640w, https:\/\/zonaroja.com.mx\/wp-content\/uploads\/2019\/10\/Image-1-38-300x146.png 300w, https:\/\/zonaroja.com.mx\/wp-content\/uploads\/2019\/10\/Image-1-38-585x284.png 585w\" sizes=\"(max-width: 640px) 100vw, 640px\" \/><\/figure>\n\n\n\n<p>Fue el pasado 2 de octubre cuando las\nautoridades estatales, encabezadas por la presidenta estatal del Sistema DIF,\nIvette Moran de Murat, abanderaron a la selecci\u00f3n oaxaque\u00f1a que este 2019\nconsigui\u00f3 27 medallas en la justa deportiva nacional.<\/p>\n\n\n\n<p>Otros atletas que destacaron fueron\nPedro El\u00edas Cruz Mart\u00ednez, quien brill\u00f3 en el powerlifting por tercer a\u00f1o\nconsecutivo al conseguir el metal dorado en la divisi\u00f3n de hasta 59 kilogramos,\ncon una marca de 103 kilos levantados y Nereida Ju\u00e1rez quien subi\u00f3 por segundo\na\u00f1o a lo m\u00e1s alto del podio al levantar 50 kilos en la categor\u00eda de menos de 41\nkilogramos.<\/p>\n\n\n\n<p>Asimismo, Estefany Itamar Ruiz Torres,\nconsigui\u00f3 el metal dorado en lanzamiento de jabalina en la divisi\u00f3n F54 Juvenil\nSuperior, con una distancia de 8.58 metros, mientras que Gilda Andrea Hern\u00e1ndez\nRam\u00edrez, volvi\u00f3 a coronarse como campeona nacional en ciclismos, en las pruebas\nde Ruta y Contrarreloj.<\/p>\n","protected":false},"excerpt":{"rendered":"<p>Evlin Arag\u00f3n\/Zona Roja. Oaxaca de Ju\u00e1rez, Oax., 26 de octubre de 2019.- El atleta paral\u00edmpico&hellip;<\/p>\n","protected":false},"author":2,"featured_media":5149,"comment_status":"closed","ping_status":"open","sticky":false,"template":"","format":"standard","meta":{"_lmt_disableupdate":"","_lmt_disable":"","_jetpack_memberships_contains_paid_content":false,"footnotes":""},"categories":[109,46],"tags":[918],"class_list":["post-5147","post","type-post","status-publish","format-standard","has-post-thumbnail","hentry","category-minuto-a-minuto","category-zona-blanca","tag-rafael-angeles-ramales"],"jetpack_featured_media_url":"https:\/\/zonaroja.com.mx\/wp-content\/uploads\/2019\/10\/Image-1-37.png","jetpack_sharing_enabled":true,"_links":{"self":[{"href":"https:\/\/zonaroja.com.mx\/index.php?rest_route=\/wp\/v2\/posts\/5147","targetHints":{"allow":["GET"]}}],"collection":[{"href":"https:\/\/zonaroja.com.mx\/index.php?rest_route=\/wp\/v2\/posts"}],"about":[{"href":"https:\/\/zonaroja.com.mx\/index.php?rest_route=\/wp\/v2\/types\/post"}],"author":[{"embeddable":true,"href":"https:\/\/zonaroja.com.mx\/index.php?rest_route=\/wp\/v2\/users\/2"}],"replies":[{"embeddable":true,"href":"https:\/\/zonaroja.com.mx\/index.php?rest_route=%2Fwp%2Fv2%2Fcomments&post=5147"}],"version-history":[{"count":1,"href":"https:\/\/zonaroja.com.mx\/index.php?rest_route=\/wp\/v2\/posts\/5147\/revisions"}],"predecessor-version":[{"id":5150,"href":"https:\/\/zonaroja.com.mx\/index.php?rest_route=\/wp\/v2\/posts\/5147\/revisions\/5150"}],"wp:featuredmedia":[{"embeddable":true,"href":"https:\/\/zonaroja.com.mx\/index.php?rest_route=\/wp\/v2\/media\/5149"}],"wp:attachment":[{"href":"https:\/\/zonaroja.com.mx\/index.php?rest_route=%2Fwp%2Fv2%2Fmedia&parent=5147"}],"wp:term":[{"taxonomy":"category","embeddable":true,"href":"https:\/\/zonaroja.com.mx\/index.php?rest_route=%2Fwp%2Fv2%2Fcategories&post=5147"},{"taxonomy":"post_tag","embeddable":true,"href":"https:\/\/zonaroja.com.mx\/index.php?rest_route=%2Fwp%2Fv2%2Ftags&post=5147"}],"curies":[{"name":"wp","href":"https:\/\/api.w.org\/{rel}","templated":true}]}}