{"id":51470,"date":"2023-02-09T21:18:34","date_gmt":"2023-02-10T03:18:34","guid":{"rendered":"http:\/\/www.zonaroja.com.mx\/?p=51470"},"modified":"2023-02-09T21:18:37","modified_gmt":"2023-02-10T03:18:37","slug":"denuncian-otro-caso-de-despojo-de-predio-en-la-capital-de-oaxaca","status":"publish","type":"post","link":"https:\/\/zonaroja.com.mx\/?p=51470","title":{"rendered":"Denuncian otro caso de despojo de predio en la capital de Oaxaca"},"content":{"rendered":"\n<p>Ismael Garc\u00eda M.\/Zona Roja.<\/p>\n\n\n\n<p>Oaxaca de Ju\u00e1rez, Oax., a 9 de febrero de 2023.- Sujetos armados despojaron de un predio a habitantes de la colonia Lomas de San Jacinto de la ciudad de Oaxaca y dejaron sin espacio de vivienda a unas 30 personas.<\/p>\n\n\n\n<p>As\u00ed lo denunciaron este jueves integrantes de la asociaci\u00f3n civil \u201cColonos Unidos de Lomas de San Jacinto\u201d, encabezados por Emanuel Pinacho, durante una protesta pac\u00edfica en el palacio municipal de Oaxaca de Ju\u00e1rez.<\/p>\n\n\n\n<p>En entrevista, momentos antes de abordar al edil Francisco Mart\u00ednez Neri, el dirigente explic\u00f3 que desde hace 30 a\u00f1os les quitaron un predio que fue otorgado para la creaci\u00f3n de una escuela primaria, ahora \u201cGeneral L\u00e1zaro C\u00e1rdenas\u201d, de Lomas de San Jacinto.<\/p>\n\n\n\n<p>Despu\u00e9s de una lucha, les repusieron una parte, un predio de 75 por 40 metros, frente a la escuela, donde ten\u00edan algunas viviendas y locales de venta de diversos art\u00edculos y alimentos.<\/p>\n\n\n\n<p>Sin embargo, recientemente fueron invadidos y despojados con violencia, presuntamente por parte Francisco V\u00e1squez Santamar\u00eda, hijo de la se\u00f1ora A\u00edda Santamar\u00eda Rivero, quien les vendi\u00f3 hace tres d\u00e9cadas un predio.<\/p>\n\n\n\n<p>Adem\u00e1s, un individuo que identifican como Adri\u00e1n Vel\u00e1squez, llev\u00f3 \u201cporros\u201d y gente armada, para amedrentarlos e incluso amenazarlos de muerte.<\/p>\n\n\n\n<p>Por ello, pidieron el apoyo del presidente municipal capitalino, quien los escuch\u00f3 al t\u00e9rmino de la sesi\u00f3n de Cabildo, a fin de atender la problem\u00e1tica.<\/p>\n\n\n\n<figure class=\"wp-block-embed is-type-rich is-provider-twitter wp-block-embed-twitter\"><div class=\"wp-block-embed__wrapper\">\n<div class=\"twitter-tweet\"><blockquote class=\"twitter-tweet\" data-lang=\"es\"><p lang=\"es\" dir=\"ltr\"><a href=\"https:\/\/twitter.com\/hashtag\/%C3%9AltimoMinuto?src=hash&amp;ref_src=twsrc%5Etfw\">#\u00daltimoMinuto<\/a><br>Vecinos de la colonia Lomas de San Jacinto, ciudad de Oaxaca, protestan en la sede del <a href=\"https:\/\/twitter.com\/MunicipioOaxaca?ref_src=twsrc%5Etfw\">@MunicipioOaxaca<\/a>, para denunciar el despojo de un predio. Exigen intervenci\u00f3n del edil <a href=\"https:\/\/twitter.com\/FMartinezNeri?ref_src=twsrc%5Etfw\">@FMartinezNeri<\/a>. <a href=\"https:\/\/t.co\/L0OwIVFqfU\">pic.twitter.com\/L0OwIVFqfU<\/a><\/p>&mdash; Zona Roja Oaxaca (@ZonaRoja_Oaxaca) <a href=\"https:\/\/twitter.com\/ZonaRoja_Oaxaca\/status\/1623776742216454150?ref_src=twsrc%5Etfw\">9 de febrero de 2023<\/a><\/blockquote><\/div>\n<\/div><\/figure>\n","protected":false},"excerpt":{"rendered":"<p>Ismael Garc\u00eda M.\/Zona Roja. Oaxaca de Ju\u00e1rez, Oax., a 9 de febrero de 2023.- Sujetos&hellip;<\/p>\n","protected":false},"author":2,"featured_media":51471,"comment_status":"closed","ping_status":"open","sticky":false,"template":"","format":"standard","meta":{"_lmt_disableupdate":"","_lmt_disable":"","_jetpack_memberships_contains_paid_content":false,"footnotes":""},"categories":[109,47],"tags":[148],"class_list":["post-51470","post","type-post","status-publish","format-standard","has-post-thumbnail","hentry","category-minuto-a-minuto","category-zona-gris","tag-oaxaca-de-juarez"],"jetpack_featured_media_url":"https:\/\/zonaroja.com.mx\/wp-content\/uploads\/2023\/02\/Protesta-Lomas-de-San-Jacinto-ciudad-Oaaxaca.jpg","jetpack_sharing_enabled":true,"_links":{"self":[{"href":"https:\/\/zonaroja.com.mx\/index.php?rest_route=\/wp\/v2\/posts\/51470","targetHints":{"allow":["GET"]}}],"collection":[{"href":"https:\/\/zonaroja.com.mx\/index.php?rest_route=\/wp\/v2\/posts"}],"about":[{"href":"https:\/\/zonaroja.com.mx\/index.php?rest_route=\/wp\/v2\/types\/post"}],"author":[{"embeddable":true,"href":"https:\/\/zonaroja.com.mx\/index.php?rest_route=\/wp\/v2\/users\/2"}],"replies":[{"embeddable":true,"href":"https:\/\/zonaroja.com.mx\/index.php?rest_route=%2Fwp%2Fv2%2Fcomments&post=51470"}],"version-history":[{"count":1,"href":"https:\/\/zonaroja.com.mx\/index.php?rest_route=\/wp\/v2\/posts\/51470\/revisions"}],"predecessor-version":[{"id":51472,"href":"https:\/\/zonaroja.com.mx\/index.php?rest_route=\/wp\/v2\/posts\/51470\/revisions\/51472"}],"wp:featuredmedia":[{"embeddable":true,"href":"https:\/\/zonaroja.com.mx\/index.php?rest_route=\/wp\/v2\/media\/51471"}],"wp:attachment":[{"href":"https:\/\/zonaroja.com.mx\/index.php?rest_route=%2Fwp%2Fv2%2Fmedia&parent=51470"}],"wp:term":[{"taxonomy":"category","embeddable":true,"href":"https:\/\/zonaroja.com.mx\/index.php?rest_route=%2Fwp%2Fv2%2Fcategories&post=51470"},{"taxonomy":"post_tag","embeddable":true,"href":"https:\/\/zonaroja.com.mx\/index.php?rest_route=%2Fwp%2Fv2%2Ftags&post=51470"}],"curies":[{"name":"wp","href":"https:\/\/api.w.org\/{rel}","templated":true}]}}