{"id":51473,"date":"2023-02-09T21:51:04","date_gmt":"2023-02-10T03:51:04","guid":{"rendered":"http:\/\/www.zonaroja.com.mx\/?p=51473"},"modified":"2023-02-09T21:51:06","modified_gmt":"2023-02-10T03:51:06","slug":"registra-oaxaca-ocho-crimenes-en-un-dia-dos-de-ellos-de-mujeres","status":"publish","type":"post","link":"https:\/\/zonaroja.com.mx\/?p=51473","title":{"rendered":"Registra Oaxaca ocho cr\u00edmenes en un d\u00eda, dos de ellos de mujeres"},"content":{"rendered":"\n<p>Ismael Garc\u00eda M.\/Zona Roja.<\/p>\n\n\n\n<p>Oaxaca de Ju\u00e1rez, Oax., a 9 de febrero de 2023.- Mientras los responsables de la seguridad p\u00fablica posaban en una patrulla de la Guardia Nacional, adem\u00e1s de afirmar que Oaxaca es uno de los estados m\u00e1s seguros de M\u00e9xico, este jueves asesinaron a ocho personas en distintos hechos.<\/p>\n\n\n\n<p>Cerca de las 20:0 horas, en la avenida Del Valle casi esquina con bulevar Guadalupe Hinojosa de Santa Cruz Xoxocotl\u00e1n, sujetos armados a bordo de una motocicleta ejecutaron a un individuo en el interior de una barber\u00eda.<\/p>\n\n\n\n<p>Adem\u00e1s, le dejaron una cartulina color verde en que lo relacionan presuntamente con actividades il\u00edcitas, como distribuci\u00f3n de estupefacientes; fue identificado como \u00c1lvaro G. C., \u201cEl Barber\u201d hasta el momento.<\/p>\n\n\n\n<p>Casi a la misma hora pero en Santo Domingo Tehuantepec, se registr\u00f3 una balacera en el barrio Vixhana; la v\u00edctima, un joven de 18 a\u00f1os de edad, identificado como Joshua A. H., fue trasladado en un veh\u00edculo particular pero a la mitad del camino a un hospital perdi\u00f3 la vida.<\/p>\n\n\n\n<p>Tambi\u00e9n presuntamente dos sujetos a bordo de una motocicleta le dispararon cerca de una unidad deportiva, tras lo cual huyeron.<\/p>\n\n\n\n<p>Como se inform\u00f3, poco despu\u00e9s de las 10:00 horas, camino a Tierra Blanca Copala, Santiago Juxtlahuaca, fueron emboscados y asesinados tres militantes del Movimiento de Unificaci\u00f3n y Lucha Triqui (MULT), dos de ellos mujeres, y hubo otro herido.<\/p>\n\n\n\n<p>Tambi\u00e9n en la ma\u00f1ana pero en San Miguel Soyaltepec, regi\u00f3n de la Cuenca, fueron ultimados a balazos dos j\u00f3venes, identificados de manera preliminar como Mart\u00edn Z. G., de 25 a\u00f1os de edad, y Porfirio G. P., de 30 a\u00f1os; adem\u00e1s, un lesionado de nombre Juan Manuel G. L., fue llevado a un hospital de Tuxtepec.<\/p>\n\n\n\n<p>Y la madrugada de hoy en el Hospital General \u201cDr. Aurelio Valdivieso\u201d de la ciudad de Oaxaca, falleci\u00f3 un individuo que fue ejecutado cerca de la media noche anterior en la colonia Miner\u00eda de Santa Cruz Xoxocotl\u00e1n.<\/p>\n\n\n\n<p>Por la ma\u00f1ana, autoridades de la Secretar\u00eda de Gobierno, del Secretariado Ejecutivo del Sistema Estatal de Seguridad P\u00fablica y de la Secretar\u00eda de Seguridad y Protecci\u00f3n Ciudadana del gobierno de Oaxaca, dieron una conferencia de prensa en el Palacio de Gobierno, en que remarcaron que Oaxaca est\u00e1 entre los 10 estados m\u00e1s seguros del pa\u00eds.<\/p>\n","protected":false},"excerpt":{"rendered":"<p>Ismael Garc\u00eda M.\/Zona Roja. Oaxaca de Ju\u00e1rez, Oax., a 9 de febrero de 2023.- Mientras&hellip;<\/p>\n","protected":false},"author":2,"featured_media":51475,"comment_status":"closed","ping_status":"open","sticky":false,"template":"","format":"standard","meta":{"_lmt_disableupdate":"","_lmt_disable":"","_jetpack_memberships_contains_paid_content":false,"footnotes":""},"categories":[109,51],"tags":[133],"class_list":["post-51473","post","type-post","status-publish","format-standard","has-post-thumbnail","hentry","category-minuto-a-minuto","category-zona-roja","tag-santa-cruz-xoxocotlan"],"jetpack_featured_media_url":"https:\/\/zonaroja.com.mx\/wp-content\/uploads\/2023\/02\/Ejecutado-Santa-Cruz-Xoxocotlan.jpg","jetpack_sharing_enabled":true,"_links":{"self":[{"href":"https:\/\/zonaroja.com.mx\/index.php?rest_route=\/wp\/v2\/posts\/51473","targetHints":{"allow":["GET"]}}],"collection":[{"href":"https:\/\/zonaroja.com.mx\/index.php?rest_route=\/wp\/v2\/posts"}],"about":[{"href":"https:\/\/zonaroja.com.mx\/index.php?rest_route=\/wp\/v2\/types\/post"}],"author":[{"embeddable":true,"href":"https:\/\/zonaroja.com.mx\/index.php?rest_route=\/wp\/v2\/users\/2"}],"replies":[{"embeddable":true,"href":"https:\/\/zonaroja.com.mx\/index.php?rest_route=%2Fwp%2Fv2%2Fcomments&post=51473"}],"version-history":[{"count":1,"href":"https:\/\/zonaroja.com.mx\/index.php?rest_route=\/wp\/v2\/posts\/51473\/revisions"}],"predecessor-version":[{"id":51476,"href":"https:\/\/zonaroja.com.mx\/index.php?rest_route=\/wp\/v2\/posts\/51473\/revisions\/51476"}],"wp:featuredmedia":[{"embeddable":true,"href":"https:\/\/zonaroja.com.mx\/index.php?rest_route=\/wp\/v2\/media\/51475"}],"wp:attachment":[{"href":"https:\/\/zonaroja.com.mx\/index.php?rest_route=%2Fwp%2Fv2%2Fmedia&parent=51473"}],"wp:term":[{"taxonomy":"category","embeddable":true,"href":"https:\/\/zonaroja.com.mx\/index.php?rest_route=%2Fwp%2Fv2%2Fcategories&post=51473"},{"taxonomy":"post_tag","embeddable":true,"href":"https:\/\/zonaroja.com.mx\/index.php?rest_route=%2Fwp%2Fv2%2Ftags&post=51473"}],"curies":[{"name":"wp","href":"https:\/\/api.w.org\/{rel}","templated":true}]}}