{"id":51488,"date":"2023-02-10T09:20:00","date_gmt":"2023-02-10T15:20:00","guid":{"rendered":"http:\/\/www.zonaroja.com.mx\/?p=51488"},"modified":"2023-02-10T08:01:57","modified_gmt":"2023-02-10T14:01:57","slug":"el-misterio-de-los-17-vehiculos-seminuevos-abandonados-en-oaxaca","status":"publish","type":"post","link":"https:\/\/zonaroja.com.mx\/?p=51488","title":{"rendered":"El misterio de los 17 veh\u00edculos seminuevos abandonados en Oaxaca"},"content":{"rendered":"\n<p>Redacci\u00f3n\/Zona Roja.<\/p>\n\n\n\n<p>Oaxaca de Ju\u00e1rez, Oax., a 10 de febrero de 2023.- Cuatro d\u00edas despu\u00e9s del operativo, la Fiscal\u00eda General del Estado de Oaxaca inform\u00f3 del aseguramiento de 17 veh\u00edculos seminuevos, hallados en el estacionamiento del centro comercial \u201cMacroplaza\u201d de Santa Luc\u00eda del Camino.<\/p>\n\n\n\n<p>El hallazgo y reitero con diversas gr\u00faas se efectu\u00f3 la tarde del pasado lunes, con la intervenci\u00f3n de elementos especiales de la Agencia Estatal de Investigaciones y apoyo de la Guardia Nacional; no obstante, la instituci\u00f3n a cargo de Bernardo Rodr\u00edguez Alamilla inform\u00f3 de ello s\u00f3lo a trav\u00e9s de redes sociales:<\/p>\n\n\n\n<p>\u201cLa Fiscal\u00eda General del Estado de Oaxaca realiza una exhaustiva investigaci\u00f3n, luego de asegurar 17 veh\u00edculos (mismo modelo y marca), los cuales estuvieron abandonados durante al menos 2&nbsp; meses en el estacionamiento de la Macro Plaza, ubicado sobre la carretera federal 190.<\/p>\n\n\n\n<p>\u201cTras un operativo en colaboraci\u00f3n con la Guardia Nacional y la Secretar\u00eda de la Defensa Nacional (Sedena), efectuado el pasado 6 de febrero, los veh\u00edculos quedaron bajo resguardo de la FGEO, instancia que se encuentra en b\u00fasqueda del paradero de quien o quienes se acrediten como propietarios de estos bienes para que sean restituidos, adem\u00e1s de conocer los motivos por los cuales fueron abandonados\u201d, dijo.<\/p>\n\n\n\n<p>Se trata de veh\u00edculos compactos de modelo reciente, seminuevos, marca Chevrolet, tipo Aveo, que cuentan con placas de circulaci\u00f3n, algunos de Oaxaca y de otras entidades del pa\u00eds.<\/p>\n\n\n\n<p>Presuntamente algunos cuentan con placas clonadas y ser\u00edan de un grupo delictivo de robo de autos, lo cual indaga la Fiscal\u00eda.<\/p>\n","protected":false},"excerpt":{"rendered":"<p>Redacci\u00f3n\/Zona Roja. Oaxaca de Ju\u00e1rez, Oax., a 10 de febrero de 2023.- Cuatro d\u00edas despu\u00e9s&hellip;<\/p>\n","protected":false},"author":2,"featured_media":51491,"comment_status":"closed","ping_status":"open","sticky":false,"template":"","format":"standard","meta":{"_lmt_disableupdate":"","_lmt_disable":"","_jetpack_memberships_contains_paid_content":false,"footnotes":""},"categories":[109,47],"tags":[494],"class_list":["post-51488","post","type-post","status-publish","format-standard","has-post-thumbnail","hentry","category-minuto-a-minuto","category-zona-gris","tag-fiscalia-general-del-estado-de-oaxaca"],"jetpack_featured_media_url":"https:\/\/zonaroja.com.mx\/wp-content\/uploads\/2023\/02\/Vehiculos-abandonados-Macroplaza-Santa-Lucia-Fiscalia.jpg","jetpack_sharing_enabled":true,"_links":{"self":[{"href":"https:\/\/zonaroja.com.mx\/index.php?rest_route=\/wp\/v2\/posts\/51488","targetHints":{"allow":["GET"]}}],"collection":[{"href":"https:\/\/zonaroja.com.mx\/index.php?rest_route=\/wp\/v2\/posts"}],"about":[{"href":"https:\/\/zonaroja.com.mx\/index.php?rest_route=\/wp\/v2\/types\/post"}],"author":[{"embeddable":true,"href":"https:\/\/zonaroja.com.mx\/index.php?rest_route=\/wp\/v2\/users\/2"}],"replies":[{"embeddable":true,"href":"https:\/\/zonaroja.com.mx\/index.php?rest_route=%2Fwp%2Fv2%2Fcomments&post=51488"}],"version-history":[{"count":1,"href":"https:\/\/zonaroja.com.mx\/index.php?rest_route=\/wp\/v2\/posts\/51488\/revisions"}],"predecessor-version":[{"id":51492,"href":"https:\/\/zonaroja.com.mx\/index.php?rest_route=\/wp\/v2\/posts\/51488\/revisions\/51492"}],"wp:featuredmedia":[{"embeddable":true,"href":"https:\/\/zonaroja.com.mx\/index.php?rest_route=\/wp\/v2\/media\/51491"}],"wp:attachment":[{"href":"https:\/\/zonaroja.com.mx\/index.php?rest_route=%2Fwp%2Fv2%2Fmedia&parent=51488"}],"wp:term":[{"taxonomy":"category","embeddable":true,"href":"https:\/\/zonaroja.com.mx\/index.php?rest_route=%2Fwp%2Fv2%2Fcategories&post=51488"},{"taxonomy":"post_tag","embeddable":true,"href":"https:\/\/zonaroja.com.mx\/index.php?rest_route=%2Fwp%2Fv2%2Ftags&post=51488"}],"curies":[{"name":"wp","href":"https:\/\/api.w.org\/{rel}","templated":true}]}}