{"id":51498,"date":"2023-02-10T11:24:00","date_gmt":"2023-02-10T17:24:00","guid":{"rendered":"http:\/\/www.zonaroja.com.mx\/?p=51498"},"modified":"2023-02-10T19:39:47","modified_gmt":"2023-02-11T01:39:47","slug":"suman-28-asesinatos-de-mujeres-en-2-meses-de-jaram-44-mas-que-murat","status":"publish","type":"post","link":"https:\/\/zonaroja.com.mx\/?p=51498","title":{"rendered":"Suman 28 asesinatos de mujeres en 2 meses de Jara; 44 % m\u00e1s que Murat"},"content":{"rendered":"\n<p>Yuridiana Sosa\/Zona Roja.<\/p>\n\n\n\n<p>Oaxaca de Ju\u00e1rez, Oax., a 10 de febrero de 2023.- La ola de feminicidios en Oaxaca se ha intensificado durante los dos primeros meses del gobierno de Salom\u00f3n Jara Cruz, con la suma de 28 asesinatos contra mujeres, lo cual supera a lo registrado en el mismo periodo del sexenio anterior.<\/p>\n\n\n\n<p>De acuerdo a la Plataforma de Violencia Feminicida de la asociaci\u00f3n Consorcio Oaxaca, del 1 de diciembre de 2022 al 7 de febrero de 2023 se han contabilizado 26 probables feminicidios en la entidad, de los que 14 ocurrieron tan s\u00f3lo en el primer mes de la administraci\u00f3n. A ello se suman las dos muertes registradas ayer en la zona triqui del estado.<\/p>\n\n\n\n<p>El total de estos cr\u00edmenes es superior en un 44 por ciento a los cometidos en el mismo periodo de Alejandro Murat, con un total de 18 asesinatos de mujeres, seg\u00fan consta la misma plataforma de Consorcio Oaxaca. Al finalizar febrero, la administraci\u00f3n anterior lleg\u00f3 a la cifra de 23 feminicidios, a\u00fan por debajo de la cifra actual.<\/p>\n\n\n\n<p>MUJERES J\u00d3VENES LAS V\u00cdCTIMAS<\/p>\n\n\n\n<p>El reporte de la organizaci\u00f3n civil detall\u00f3 que la mayor\u00eda de las v\u00edctimas, 12 de las 26, contaban con una edad de entre los 18 y los 35 a\u00f1os de edad.<\/p>\n\n\n\n<p>En ocho de los casos las mujeres contaban entre los 35 a 50 a\u00f1os; una era menor de 18 a\u00f1os, otra en el rango de 50 a 70 a\u00f1os y una m\u00e1s era mayor de 70 a\u00f1os.<\/p>\n\n\n\n<p>De acuerdo al informe de Consorcio, en el 81 por ciento de los casos, 21, la relaci\u00f3n del agresor o agresores con la v\u00edctima no fue especificada, mientras que en los casos en que se identific\u00f3 al agresor se report\u00f3 que en fue por su esposo, pareja, hermano, lo sobrino e hijo de la v\u00edctima.<\/p>\n\n\n\n<p>\u00daLTIMOS HECHOS<\/p>\n\n\n\n<p>La violencia contra las mujeres no se ha detenido, y entre los \u00faltimos casos, que a su vez representa el grado de crueldad, est\u00e1n el asesinato a balazos de dos femeninas durante una emboscada, camino a Tierra Blanca, Juxtlahuca.<\/p>\n\n\n\n<p>Asimismo se encuentra el de una mujer que junto a su familia fue acribillada la madrugada del pasado s\u00e1bado 4 de febrero en San Miguel Soyaltepec, en la regi\u00f3n Cuenca.<\/p>\n\n\n\n<p>D\u00edas antes, el 30 de enero, una mujer fue asesinada por su pareja sentimental en el municipio de San Andr\u00e9s Huay\u00e1pam, conurbado a la ciudad de Oaxaca, mientras que el 28 de enero se registr\u00f3 el hallazgo del cuerpo sin vida de una mujer en un paraje despoblado del municipio de Santiago Suchilquitongo, en los Valles Centrales.<\/p>\n","protected":false},"excerpt":{"rendered":"<p>Yuridiana Sosa\/Zona Roja. Oaxaca de Ju\u00e1rez, Oax., a 10 de febrero de 2023.- La ola&hellip;<\/p>\n","protected":false},"author":2,"featured_media":48470,"comment_status":"closed","ping_status":"open","sticky":false,"template":"","format":"standard","meta":{"_lmt_disableupdate":"","_lmt_disable":"","_jetpack_memberships_contains_paid_content":false,"footnotes":""},"categories":[109,47],"tags":[610],"class_list":["post-51498","post","type-post","status-publish","format-standard","has-post-thumbnail","hentry","category-minuto-a-minuto","category-zona-gris","tag-feminicidios-oaxaca"],"jetpack_featured_media_url":"https:\/\/zonaroja.com.mx\/wp-content\/uploads\/2022\/11\/Feminicidios-Oaxaca.jpg","jetpack_sharing_enabled":true,"_links":{"self":[{"href":"https:\/\/zonaroja.com.mx\/index.php?rest_route=\/wp\/v2\/posts\/51498","targetHints":{"allow":["GET"]}}],"collection":[{"href":"https:\/\/zonaroja.com.mx\/index.php?rest_route=\/wp\/v2\/posts"}],"about":[{"href":"https:\/\/zonaroja.com.mx\/index.php?rest_route=\/wp\/v2\/types\/post"}],"author":[{"embeddable":true,"href":"https:\/\/zonaroja.com.mx\/index.php?rest_route=\/wp\/v2\/users\/2"}],"replies":[{"embeddable":true,"href":"https:\/\/zonaroja.com.mx\/index.php?rest_route=%2Fwp%2Fv2%2Fcomments&post=51498"}],"version-history":[{"count":2,"href":"https:\/\/zonaroja.com.mx\/index.php?rest_route=\/wp\/v2\/posts\/51498\/revisions"}],"predecessor-version":[{"id":51511,"href":"https:\/\/zonaroja.com.mx\/index.php?rest_route=\/wp\/v2\/posts\/51498\/revisions\/51511"}],"wp:featuredmedia":[{"embeddable":true,"href":"https:\/\/zonaroja.com.mx\/index.php?rest_route=\/wp\/v2\/media\/48470"}],"wp:attachment":[{"href":"https:\/\/zonaroja.com.mx\/index.php?rest_route=%2Fwp%2Fv2%2Fmedia&parent=51498"}],"wp:term":[{"taxonomy":"category","embeddable":true,"href":"https:\/\/zonaroja.com.mx\/index.php?rest_route=%2Fwp%2Fv2%2Fcategories&post=51498"},{"taxonomy":"post_tag","embeddable":true,"href":"https:\/\/zonaroja.com.mx\/index.php?rest_route=%2Fwp%2Fv2%2Ftags&post=51498"}],"curies":[{"name":"wp","href":"https:\/\/api.w.org\/{rel}","templated":true}]}}