{"id":51500,"date":"2023-02-10T15:27:00","date_gmt":"2023-02-10T21:27:00","guid":{"rendered":"http:\/\/www.zonaroja.com.mx\/?p=51500"},"modified":"2023-02-10T19:38:52","modified_gmt":"2023-02-11T01:38:52","slug":"pend1-21","status":"publish","type":"post","link":"https:\/\/zonaroja.com.mx\/?p=51500","title":{"rendered":"Pese a crisis en zona Triqui, gobierno desatiende al MULT; \u201ctoman\u201d Palacio de Gobierno"},"content":{"rendered":"\n<p>Yuridiana Sosa\/Zona Roja.<\/p>\n\n\n\n<p>Oaxaca de Ju\u00e1rez, Oax., a 10 de febrero de 2023.-Tras la masacre de tres militantes del MULT este jueves, y uno m\u00e1s el fin de semana en la regi\u00f3n Mixteca, la organizaci\u00f3n activ\u00f3 una serie de bloqueos en varias regiones del estado y en la capital para exigir justicia inmediata por los hechos.<\/p>\n\n\n\n<p>Sin embargo, tras varias horas de cierre de vialidades, la Secretar\u00eda de Gobierno y la Fiscal\u00eda General del Estado desestimaron la protesta, por lo cual la organizaci\u00f3n social, con apoyo de la Red Estatal de V\u00edctimas se instal\u00f3 en \u201cplant\u00f3n\u201d en el exterior del Palacio de Gobierno.<\/p>\n\n\n\n<p>Por la ma\u00f1ana, tal como lo advirti\u00f3 ayer la dirigencia, el Movimiento de Unificaci\u00f3n y Lucha Triqui (MULTI) emprendi\u00f3 una jornada de protestas de forma indefinida para exigir al gobierno de Oaxaca, a trav\u00e9s de la Fiscal\u00eda General del Estado, que detenga a los responsables de los actos violentos.<\/p>\n\n\n\n<p>Ayer por la ma\u00f1ana, cerca de las 10:35 horas cuatro de sus integrantes de Tierra Blanca Copala, Santiago Juxtlahuaca, sufrieron una emboscada a la altura de Concepci\u00f3n Carrizal, camino a Tierra Blanca, en la cual murieron tres personas, dos de ellas mujeres.<\/p>\n\n\n\n<p>Este d\u00eda en la capital, la organizaci\u00f3n apoyada de otros grupos sociales comenz\u00f3 con la retenci\u00f3n de camiones urbanos para el bloqueo de diversas calles del Centro Hist\u00f3rico, entre las que se afect\u00f3 fueron calle de Crespo, Garc\u00eda Vigil, Tinoco y Palacios con avenida Independencia.<\/p>\n\n\n\n<figure class=\"wp-block-embed is-type-rich is-provider-twitter wp-block-embed-twitter\"><div class=\"wp-block-embed__wrapper\">\n<div class=\"twitter-tweet\"><blockquote class=\"twitter-tweet\" data-lang=\"es\"><p lang=\"es\" dir=\"ltr\"><a href=\"https:\/\/twitter.com\/hashtag\/%C3%9AltimoMinuto?src=hash&amp;ref_src=twsrc%5Etfw\">#\u00daltimoMinuto<\/a> <br>Conmarcha, el MULT y dem\u00e1s organizaciones retiran sus bloqueos en la ciudad de <a href=\"https:\/\/twitter.com\/hashtag\/Oaxaca?src=hash&amp;ref_src=twsrc%5Etfw\">#Oaxaca<\/a>. <br>Pero se concentran en el Palacio de Gobierno en \u201cplant\u00f3n\u201d permanente.<br>Desalojan a trabajadores del inmueble.<br>Denuncian nula atenci\u00f3n de <a href=\"https:\/\/twitter.com\/SEGO_Oax?ref_src=twsrc%5Etfw\">@SEGO_Oax<\/a> que encabeza <a href=\"https:\/\/twitter.com\/jesusromerooax?ref_src=twsrc%5Etfw\">@jesusromerooax<\/a>. <a href=\"https:\/\/t.co\/m3iEeOYOGI\">pic.twitter.com\/m3iEeOYOGI<\/a><\/p>&mdash; Zona Roja Oaxaca (@ZonaRoja_Oaxaca) <a href=\"https:\/\/twitter.com\/ZonaRoja_Oaxaca\/status\/1624174180278099969?ref_src=twsrc%5Etfw\">10 de febrero de 2023<\/a><\/blockquote><\/div>\n<\/div><\/figure>\n\n\n\n<p>Mientras que frente a Palacio de Gobierno, organizaciones adheridas a la Red Estatal de V\u00edctimas realizaron una protesta en respaldo del MULT, en el que recordaron otros hechos violentos contra integrantes de movimientos y que siguen en la injusticia, por lo que volvieron a exigir a la Fiscal\u00eda de Oaxaca mayor actuaci\u00f3n y reparaci\u00f3n del da\u00f1o.<\/p>\n\n\n\n<p>REGIONES AFECTADAS<\/p>\n\n\n\n<p>Desde las primeras horas de este viernes, el MULT activ\u00f3 diversos bloqueos en las regiones de la Mixteca, Sierra de Flores Mag\u00f3n (Ca\u00f1ada), Costa y Sierra Sur.<\/p>\n\n\n\n<p>Decenas de militantes cerraron el paso en la carretera federal 190 Huajuapan de Le\u00f3n-Juxtlahuaca, a la altura de Santa Mar\u00eda Xochixtlapilco; sobre la misma carretera otro en el punto de La Laguna Encantada y uno m\u00e1s en el tramo Huajuapan-Oaxaca, en la desviaci\u00f3n a Tezoatl\u00e1n.<\/p>\n\n\n\n<p>En la Sierra de Flores Mag\u00f3n en el tramo que comunica a la ciudad de Oaxaca y Puebla y en la carretera principal Teotitl\u00e1n-Cuicatl\u00e1n; en la Sierra Sur, en San Juan Laguna, Puente Tatec y la \u201cY\u201d, mientras que en la Costa, \u201ctomaron\u201d la carretera Pinotepa- Puerto Escondido a la altura de Huazolotit\u00e1n y Mechoac\u00e1n.<\/p>\n\n\n\n<p>En tanto no haya soluci\u00f3n a sus demandas, las movilizaciones continuar\u00e1n, advirti\u00f3 el MULT, que tras los hechos anunci\u00f3 su retiro de la mesa de pacificaci\u00f3n para el retorno de los desplazados a Tierra Blanca Copala.<\/p>\n\n\n\n<p>Ante esa situaci\u00f3n los gobiernos de Oaxaca y Federal llamaron a la organizaci\u00f3n a mantener el di\u00e1logo &nbsp;y reafirmaron su compromiso con la b\u00fasqueda de los mecanismos para garantizar el retorno y la pacificaci\u00f3n en la zona Triqui, desde un di\u00e1logo franco, abierto, p\u00fablico y sin simulaciones.<\/p>\n\n\n\n<p>Pero ese llamado no se tradujo en hechos, pues despu\u00e9s de las 15:00 horas el MULT y dem\u00e1s organizaciones se retiraron de las calles y carreteras; en la capital se concentraron en el Palacio de Gobierno.<\/p>\n\n\n\n<p>Durante un mitin, denunciaron que no hubo atenci\u00f3n a sus exigencias de jusicia, por lo cual se quedar\u00edan en \u201cplant\u00f3n\u201d permanente, adem\u00e1s de analizar otro tipo de manifestaciones.<\/p>\n\n\n\n<figure class=\"wp-block-embed is-type-rich is-provider-twitter wp-block-embed-twitter\"><div class=\"wp-block-embed__wrapper\">\n<div class=\"twitter-tweet\"><blockquote class=\"twitter-tweet\" data-lang=\"es\"><p lang=\"es\" dir=\"ltr\"><a href=\"https:\/\/twitter.com\/hashtag\/ENVIVO?src=hash&amp;ref_src=twsrc%5Etfw\">#ENVIVO<\/a><br>Oaxaca de Ju\u00e1rez, Oax., a 10 de febrero de 2023.- Adem\u00e1s de protestar en todo el estado, militantes del Movimiento de Unificaci\u00f3n y Lucha Triqui (MULT) \u201ctoman\u201d camiones y bloquean calles del centro de la ciudad de Oaxaca.<br>\ud83d\udc47<a href=\"https:\/\/t.co\/xty7fQMrpQ\">https:\/\/t.co\/xty7fQMrpQ<\/a> <a href=\"https:\/\/t.co\/96AvfN5d5S\">pic.twitter.com\/96AvfN5d5S<\/a><\/p>&mdash; Zona Roja Oaxaca (@ZonaRoja_Oaxaca) <a href=\"https:\/\/twitter.com\/ZonaRoja_Oaxaca\/status\/1624097162467618816?ref_src=twsrc%5Etfw\">10 de febrero de 2023<\/a><\/blockquote><\/div>\n<\/div><\/figure>\n","protected":false},"excerpt":{"rendered":"<p>Yuridiana Sosa\/Zona Roja. Oaxaca de Ju\u00e1rez, Oax., a 10 de febrero de 2023.-Tras la masacre&hellip;<\/p>\n","protected":false},"author":2,"featured_media":51506,"comment_status":"closed","ping_status":"open","sticky":false,"template":"","format":"standard","meta":{"_lmt_disableupdate":"","_lmt_disable":"","_jetpack_memberships_contains_paid_content":false,"footnotes":""},"categories":[109,47],"tags":[867],"class_list":["post-51500","post","type-post","status-publish","format-standard","has-post-thumbnail","hentry","category-minuto-a-minuto","category-zona-gris","tag-movimiento-unificador-de-lucha-triqui-mult"],"jetpack_featured_media_url":"https:\/\/zonaroja.com.mx\/wp-content\/uploads\/2023\/02\/Mitin-y-planton-MULT-y-organizaciones-sociales.jpg","jetpack_sharing_enabled":true,"_links":{"self":[{"href":"https:\/\/zonaroja.com.mx\/index.php?rest_route=\/wp\/v2\/posts\/51500","targetHints":{"allow":["GET"]}}],"collection":[{"href":"https:\/\/zonaroja.com.mx\/index.php?rest_route=\/wp\/v2\/posts"}],"about":[{"href":"https:\/\/zonaroja.com.mx\/index.php?rest_route=\/wp\/v2\/types\/post"}],"author":[{"embeddable":true,"href":"https:\/\/zonaroja.com.mx\/index.php?rest_route=\/wp\/v2\/users\/2"}],"replies":[{"embeddable":true,"href":"https:\/\/zonaroja.com.mx\/index.php?rest_route=%2Fwp%2Fv2%2Fcomments&post=51500"}],"version-history":[{"count":2,"href":"https:\/\/zonaroja.com.mx\/index.php?rest_route=\/wp\/v2\/posts\/51500\/revisions"}],"predecessor-version":[{"id":51507,"href":"https:\/\/zonaroja.com.mx\/index.php?rest_route=\/wp\/v2\/posts\/51500\/revisions\/51507"}],"wp:featuredmedia":[{"embeddable":true,"href":"https:\/\/zonaroja.com.mx\/index.php?rest_route=\/wp\/v2\/media\/51506"}],"wp:attachment":[{"href":"https:\/\/zonaroja.com.mx\/index.php?rest_route=%2Fwp%2Fv2%2Fmedia&parent=51500"}],"wp:term":[{"taxonomy":"category","embeddable":true,"href":"https:\/\/zonaroja.com.mx\/index.php?rest_route=%2Fwp%2Fv2%2Fcategories&post=51500"},{"taxonomy":"post_tag","embeddable":true,"href":"https:\/\/zonaroja.com.mx\/index.php?rest_route=%2Fwp%2Fv2%2Ftags&post=51500"}],"curies":[{"name":"wp","href":"https:\/\/api.w.org\/{rel}","templated":true}]}}