{"id":5151,"date":"2019-10-26T10:23:47","date_gmt":"2019-10-26T15:23:47","guid":{"rendered":"http:\/\/www.zonaroja.com.mx\/?p=5151"},"modified":"2019-10-26T10:23:51","modified_gmt":"2019-10-26T15:23:51","slug":"inician-en-oaxaca-colecta-para-apoyar-a-ninez-con-debilidad-visual","status":"publish","type":"post","link":"https:\/\/zonaroja.com.mx\/?p=5151","title":{"rendered":"Inician en Oaxaca colecta para apoyar a ni\u00f1ez con debilidad visual"},"content":{"rendered":"\n<p>Redacci\u00f3n\/Zona Roja.<\/p>\n\n\n\n<p>Oaxaca de Ju\u00e1rez, Oax., 26 de octubre de\n2019.- Con la meta de entregar diez mil pares de anteojos y apoyar a\nestudiantes de educaci\u00f3n b\u00e1sica que padecen de problemas de agudeza visual\nmediante atenci\u00f3n optom\u00e9trica, el Instituto Estatal de Educaci\u00f3n P\u00fablica de\nOaxaca (IEEPO) y la Fundaci\u00f3n \u201cVer Bien para Aprender Mejor\u201d, dieron inicio a\nla colecta Oaxaca 2019 de este programa.<\/p>\n\n\n\n<p>En el acto efectuado en la escuela primaria\n\u201cVicente Guerrero\u201d de Santa Mar\u00eda El Tule, con la representaci\u00f3n del director\ngeneral del IEEPO, Francisco \u00c1ngel Villarreal, el subdirector general de\nServicios Educativos, \u00c1lvaro C\u00e9sar Guevara Ram\u00edrez y el director general de la\nFundaci\u00f3n \u201cVer Bien para Aprender Mejor\u201d, Jos\u00e9 Antonio Dorbecker Castillo,\nrefrendaron su compromiso de seguir trabajando juntos por el bienestar de las\nni\u00f1as y los ni\u00f1os.<\/p>\n\n\n\n<p>En presencia de autoridades escolares,\nmunicipales, madres y padres de familia, el representante del IEEPO, resalt\u00f3 la\nloable labor de este programa nacional en la entrega de anteojos a las y los\nestudiantes de educaci\u00f3n b\u00e1sica en el estado.<\/p>\n\n\n\n<p>Por ello, convoc\u00f3 a los diferentes sectores sociales a respaldar esta noble causa. \u201cSu contribuci\u00f3n permitir\u00e1 potenciar los recursos humanos, materiales y financieros requeridos para el financiamiento de los anteojos que necesitan nuestras alumnas y alumnos de las escuelas p\u00fablicas as\u00ed como para las acciones del programa en todo el pa\u00eds\u201d, explic\u00f3.<\/p>\n\n\n\n<figure class=\"wp-block-embed-twitter wp-block-embed is-type-rich is-provider-twitter\"><div class=\"wp-block-embed__wrapper\">\n<div class=\"twitter-tweet\"><blockquote class=\"twitter-tweet\" data-lang=\"es\"><p lang=\"es\" dir=\"ltr\">En apoyo a la ni\u00f1ez con deficiencia visual, en representaci\u00f3n del Dir. del IEEPO <a href=\"https:\/\/twitter.com\/VillarrealPaco?ref_src=twsrc%5Etfw\">@VillarrealPaco<\/a> el Subdirector de Servicios Educativos, <a href=\"https:\/\/twitter.com\/GuevaraRmz?ref_src=twsrc%5Etfw\">@GuevaraRmz<\/a> y el pte. de <a href=\"https:\/\/twitter.com\/verbienMX?ref_src=twsrc%5Etfw\">@verbienMX<\/a>, <a href=\"https:\/\/twitter.com\/PepetonD?ref_src=twsrc%5Etfw\">@PepetonD<\/a> dieron inicio a colecta &quot;Ver Bien Para Aprender Mejor&quot; en la Escuela Vicente Guerrero de El Tule <a href=\"https:\/\/t.co\/Lo12WRLX0a\">pic.twitter.com\/Lo12WRLX0a<\/a><\/p>&mdash; IEEPO (@IEEPOGobOax) <a href=\"https:\/\/twitter.com\/IEEPOGobOax\/status\/1187796384738615298?ref_src=twsrc%5Etfw\">25 de octubre de 2019<\/a><\/blockquote><\/div>\n<\/div><\/figure>\n\n\n\n<p>En su oportunidad, el director general\nde \u201cVer Bien para Aprender Mejor\u201d, destac\u00f3 que 220 mil ni\u00f1as y ni\u00f1os han sido\napoyados con un par de anteojos en los 21 a\u00f1os de funcionamiento del programa\nen Oaxaca, por lo que para esta fundaci\u00f3n es de gran satisfacci\u00f3n seguir\nestrechando lazos con el Gobierno de Oaxaca y unir esfuerzos para llevar\nbeneficios a la ni\u00f1ez que m\u00e1s lo necesita.<\/p>\n\n\n\n<p>\u201cM\u00e9xico necesita de ni\u00f1as y ni\u00f1os\npreparados para que en un futuro sean mexicanas y mexicanos productivos y\nnuestro pa\u00eds un mejor lugar para vivir, para ello es esencial que tengan una\nrevisi\u00f3n optom\u00e9trica cada a\u00f1o y con ello colaborar en la igualdad de\noportunidades. No olvidemos que unos anteojos pueden marcar la diferencia en el\ndesarrollo escolar de la ni\u00f1ez\u201d, dijo al convocar a la sociedad a generar\nconciencia sobre la importancia de la salud visual.<\/p>\n\n\n\n<p>En el marco del evento, el subdirector\ngeneral de Servicios Educativos y el director general de la Fundaci\u00f3n \u201cVer Bien\npara Aprender Mejor\u201d, entregaron anteojos a 37 estudiantes de educaci\u00f3n b\u00e1sica.<\/p>\n\n\n\n<p>Como parte de la colecta, a trav\u00e9s de\nvoluntarios registrados, entre ellos estudiantes de nivel medio superior o\nsuperior, organizaciones sociales y trabajadores del IEEPO se efectuar\u00e1n\nactividades de boteo. Los recursos recaudados, ser\u00e1n empleados para beneficiar\na estudiantes de las regiones de la Mixteca y Ca\u00f1ada.<\/p>\n\n\n\n<p>El programa \u201cVer Bien Para Aprender\nMejor\u201d ha representado durante dos d\u00e9cadas una alternativa para ni\u00f1os y ni\u00f1as\ncon problemas de agudeza visual, tales como: la miop\u00eda, hipermetrop\u00eda y\nastigmatismo, al apoyarles para mejorar su visibilidad y con ello su aprovechamiento\nescolar.<\/p>\n","protected":false},"excerpt":{"rendered":"<p>Redacci\u00f3n\/Zona Roja. Oaxaca de Ju\u00e1rez, Oax., 26 de octubre de 2019.- Con la meta de&hellip;<\/p>\n","protected":false},"author":2,"featured_media":5152,"comment_status":"closed","ping_status":"open","sticky":false,"template":"","format":"standard","meta":{"_lmt_disableupdate":"","_lmt_disable":"","_jetpack_memberships_contains_paid_content":false,"footnotes":""},"categories":[46],"tags":[599,919],"class_list":["post-5151","post","type-post","status-publish","format-standard","has-post-thumbnail","hentry","category-zona-blanca","tag-instituto-estatal-de-educacion-publica-de-oaxaca","tag-ver-bien-para-aprender-mejor"],"jetpack_featured_media_url":"https:\/\/zonaroja.com.mx\/wp-content\/uploads\/2019\/10\/04-IEEPO-2.jpg","jetpack_sharing_enabled":true,"_links":{"self":[{"href":"https:\/\/zonaroja.com.mx\/index.php?rest_route=\/wp\/v2\/posts\/5151","targetHints":{"allow":["GET"]}}],"collection":[{"href":"https:\/\/zonaroja.com.mx\/index.php?rest_route=\/wp\/v2\/posts"}],"about":[{"href":"https:\/\/zonaroja.com.mx\/index.php?rest_route=\/wp\/v2\/types\/post"}],"author":[{"embeddable":true,"href":"https:\/\/zonaroja.com.mx\/index.php?rest_route=\/wp\/v2\/users\/2"}],"replies":[{"embeddable":true,"href":"https:\/\/zonaroja.com.mx\/index.php?rest_route=%2Fwp%2Fv2%2Fcomments&post=5151"}],"version-history":[{"count":1,"href":"https:\/\/zonaroja.com.mx\/index.php?rest_route=\/wp\/v2\/posts\/5151\/revisions"}],"predecessor-version":[{"id":5153,"href":"https:\/\/zonaroja.com.mx\/index.php?rest_route=\/wp\/v2\/posts\/5151\/revisions\/5153"}],"wp:featuredmedia":[{"embeddable":true,"href":"https:\/\/zonaroja.com.mx\/index.php?rest_route=\/wp\/v2\/media\/5152"}],"wp:attachment":[{"href":"https:\/\/zonaroja.com.mx\/index.php?rest_route=%2Fwp%2Fv2%2Fmedia&parent=5151"}],"wp:term":[{"taxonomy":"category","embeddable":true,"href":"https:\/\/zonaroja.com.mx\/index.php?rest_route=%2Fwp%2Fv2%2Fcategories&post=5151"},{"taxonomy":"post_tag","embeddable":true,"href":"https:\/\/zonaroja.com.mx\/index.php?rest_route=%2Fwp%2Fv2%2Ftags&post=5151"}],"curies":[{"name":"wp","href":"https:\/\/api.w.org\/{rel}","templated":true}]}}