{"id":51513,"date":"2023-02-10T20:39:56","date_gmt":"2023-02-11T02:39:56","guid":{"rendered":"http:\/\/www.zonaroja.com.mx\/?p=51513"},"modified":"2023-02-10T20:39:58","modified_gmt":"2023-02-11T02:39:58","slug":"rechaza-poder-judicial-de-oaxaca-actos-de-violencia-y-vandalismo-en-huajuapan","status":"publish","type":"post","link":"https:\/\/zonaroja.com.mx\/?p=51513","title":{"rendered":"Rechaza Poder Judicial de Oaxaca actos de violencia y vandalismo en Huajuapan"},"content":{"rendered":"\n<p>Redacci\u00f3n\/Zona Roja.<\/p>\n\n\n\n<p>Oaxaca de Ju\u00e1rez, Oax., a 10 de febrero de 2023.- El Poder Judicial del Estado&nbsp;de Oaxaca&nbsp;reprueba&nbsp;todo&nbsp;tipo de&nbsp;expresiones violentas, vandalismo y saqueo&nbsp;que no legitiman las inconformidades de involucrados en un asunto judicial.<\/p>\n\n\n\n<p>Ante los hechos ocurridos el&nbsp;jueves&nbsp;9 de&nbsp;febrero en&nbsp;elJuzgado&nbsp;Civil de Huajuapan de Le\u00f3n,&nbsp;donde&nbsp;un grupo de personas, sin motivos que sustenten su actuar,&nbsp;causaron destrozos y pusieron en riesgo la vida del personal y usuarios, la instituci\u00f3n&nbsp;present\u00f3&nbsp;formalmente&nbsp;las denuncias correspondientes&nbsp;ante la Fiscal\u00eda General del&nbsp;Estado en contra de quien o quienes resulten responsables&nbsp;de tan lamentables hechos.<\/p>\n\n\n\n<p>Si bien es&nbsp;un derecho el manifestarse y expresar la inconformidad contra las acciones gubernamentales, esto debe ser de forma pac\u00edfica&nbsp;y dentro del marco de la ley&nbsp;sin trasgredir los derechos de terceras personas.&nbsp;<\/p>\n\n\n\n<p>El Poder Judicial del Estado hace un llamado a conducirse con civilidad privilegiando la paz, el orden y respeto y manifiesta&nbsp;su postura de no permitir ning\u00fan tipo de situaci\u00f3n que transgreda la ley, como lo sucedido en esta ocasi\u00f3n que no tiene precedente en ning\u00fan juzgado de la entidad.<\/p>\n\n\n\n<p>(Comunicado)<\/p>\n","protected":false},"excerpt":{"rendered":"<p>Redacci\u00f3n\/Zona Roja. Oaxaca de Ju\u00e1rez, Oax., a 10 de febrero de 2023.- El Poder Judicial&hellip;<\/p>\n","protected":false},"author":2,"featured_media":51514,"comment_status":"closed","ping_status":"open","sticky":false,"template":"","format":"standard","meta":{"_lmt_disableupdate":"","_lmt_disable":"","_jetpack_memberships_contains_paid_content":false,"footnotes":""},"categories":[109,46],"tags":[223],"class_list":["post-51513","post","type-post","status-publish","format-standard","has-post-thumbnail","hentry","category-minuto-a-minuto","category-zona-blanca","tag-poder-judicial-de-oaxaca"],"jetpack_featured_media_url":"https:\/\/zonaroja.com.mx\/wp-content\/uploads\/2023\/02\/Violencia-juzgados-Poder-Judicial-Huajuapan.jpg","jetpack_sharing_enabled":true,"_links":{"self":[{"href":"https:\/\/zonaroja.com.mx\/index.php?rest_route=\/wp\/v2\/posts\/51513","targetHints":{"allow":["GET"]}}],"collection":[{"href":"https:\/\/zonaroja.com.mx\/index.php?rest_route=\/wp\/v2\/posts"}],"about":[{"href":"https:\/\/zonaroja.com.mx\/index.php?rest_route=\/wp\/v2\/types\/post"}],"author":[{"embeddable":true,"href":"https:\/\/zonaroja.com.mx\/index.php?rest_route=\/wp\/v2\/users\/2"}],"replies":[{"embeddable":true,"href":"https:\/\/zonaroja.com.mx\/index.php?rest_route=%2Fwp%2Fv2%2Fcomments&post=51513"}],"version-history":[{"count":1,"href":"https:\/\/zonaroja.com.mx\/index.php?rest_route=\/wp\/v2\/posts\/51513\/revisions"}],"predecessor-version":[{"id":51515,"href":"https:\/\/zonaroja.com.mx\/index.php?rest_route=\/wp\/v2\/posts\/51513\/revisions\/51515"}],"wp:featuredmedia":[{"embeddable":true,"href":"https:\/\/zonaroja.com.mx\/index.php?rest_route=\/wp\/v2\/media\/51514"}],"wp:attachment":[{"href":"https:\/\/zonaroja.com.mx\/index.php?rest_route=%2Fwp%2Fv2%2Fmedia&parent=51513"}],"wp:term":[{"taxonomy":"category","embeddable":true,"href":"https:\/\/zonaroja.com.mx\/index.php?rest_route=%2Fwp%2Fv2%2Fcategories&post=51513"},{"taxonomy":"post_tag","embeddable":true,"href":"https:\/\/zonaroja.com.mx\/index.php?rest_route=%2Fwp%2Fv2%2Ftags&post=51513"}],"curies":[{"name":"wp","href":"https:\/\/api.w.org\/{rel}","templated":true}]}}