{"id":51520,"date":"2023-02-10T21:38:09","date_gmt":"2023-02-11T03:38:09","guid":{"rendered":"http:\/\/www.zonaroja.com.mx\/?p=51520"},"modified":"2023-02-10T21:38:19","modified_gmt":"2023-02-11T03:38:19","slug":"agreden-sindicatos-a-dos-periodistas-de-la-region-mixteca-de-oaxaca","status":"publish","type":"post","link":"https:\/\/zonaroja.com.mx\/?p=51520","title":{"rendered":"Agreden sindicatos a periodistas de la regi\u00f3n Mixteca de Oaxaca"},"content":{"rendered":"\n<p>Ismael Garc\u00eda M.\/Zona Roja.<\/p>\n\n\n\n<p>Oaxaca de Ju\u00e1rez, Oax., a 10 de febrero de 2023.- Por documentar los hechos violentos que comet\u00edan en contra de la sociedad y de inmuebles p\u00fablicos, personas adheridas a sindicatos y organizaciones sociales agredieron a dos periodistas de la regi\u00f3n Mixteca de Oaxaca.<\/p>\n\n\n\n<p>Nathalie G\u00f3mez y Sa\u00fal Salazar realizaban su trabajo informativo en el municipio de Huajuapan de Le\u00f3n, cuando fueron atacados por gente afiliada a Frente Nacional Ind\u00edgena (FNIC)-CTC y Confederaci\u00f3n Joven, liderados por Mario Agust\u00edn Cruz R\u00edoz y \u00c1ngel Bautista, respectivamente.<\/p>\n\n\n\n<p>Amenazaron a los reporteros para impedir que grabaran videos y tomaran fotograf\u00edas de los hechos violentos que protagonizaban, atentando contra su integridad y la libertad de prensa.<\/p>\n\n\n\n<p>Los sujetos efectuaron diversas acciones vand\u00e1licas ayer jueves en dicho municipio, en que adem\u00e1s de amedrentar a ciudadanos y comerciantes, vandalizaron el juzgado civil del Poder Judicial, adem\u00e1s de golpear al personal y robar equipos.<\/p>\n\n\n\n<p>Por las agresiones a los comunicadores, el movimiento de periodistas de Oaxaca conden\u00f3 estos actos y exigi\u00f3 a las autoridades correspondientes que se realicen las investigaciones necesarias para que se sancione a los responsables de este tipo de intimidaciones, pues es la tercera ocasi\u00f3n que dichos sujetos amenazan a los colegas sin que exista repercusi\u00f3n alguna.<\/p>\n\n\n\n<p>Asimismo, pidi\u00f3 que se les permita realizar la labor period\u00edstica sin ning\u00fan tipo de represalias.<\/p>\n\n\n\n<p>Por ello, el movimiento \u201cPeriodismo en riesgo\u201d en Oaxaca demand\u00f3 al gobernador Salom\u00f3n Jara Cruz; al fiscal General Bernardo Rodr\u00edguez Alamilla; a la encargada de la Defensor\u00eda de los Derechos Humanos, Amalia Rueda Alonso, y al edil de Huajuapan, Luis de Le\u00f3n Mart\u00ednez, indagar los hechos y castigar a los responsables.<\/p>\n\n\n\n<figure class=\"wp-block-embed is-type-rich is-provider-twitter wp-block-embed-twitter\"><div class=\"wp-block-embed__wrapper\">\n<div class=\"twitter-tweet\"><blockquote class=\"twitter-tweet\" data-lang=\"es\"><p lang=\"es\" dir=\"ltr\"><a href=\"https:\/\/twitter.com\/hashtag\/PeriodismoEnRiesgo?src=hash&amp;ref_src=twsrc%5Etfw\">#PeriodismoEnRiesgo<\/a><br>En los hechos de violencia de ayer en Huajuapan de Le\u00f3n, dos periodistas fueron agredidos por grupos violentos.<br>Sus dirigentes fueron identificados como Mario Agust\u00edn Cruz R\u00edos, del FNIC-CTC y \u00c1ngel Bautista de Confederaci\u00f3n Joven.<br>El gremio exige \u00a1justicia! <a href=\"https:\/\/t.co\/ZvET4jD55L\">pic.twitter.com\/ZvET4jD55L<\/a><\/p>&mdash; Zona Roja Oaxaca (@ZonaRoja_Oaxaca) <a href=\"https:\/\/twitter.com\/ZonaRoja_Oaxaca\/status\/1624202927400255488?ref_src=twsrc%5Etfw\">11 de febrero de 2023<\/a><\/blockquote><\/div>\n<\/div><\/figure>\n","protected":false},"excerpt":{"rendered":"<p>Ismael Garc\u00eda M.\/Zona Roja. Oaxaca de Ju\u00e1rez, Oax., a 10 de febrero de 2023.- Por&hellip;<\/p>\n","protected":false},"author":2,"featured_media":51517,"comment_status":"closed","ping_status":"open","sticky":false,"template":"","format":"standard","meta":{"_lmt_disableupdate":"","_lmt_disable":"","_jetpack_memberships_contains_paid_content":false,"footnotes":""},"categories":[109,47],"tags":[1396],"class_list":["post-51520","post","type-post","status-publish","format-standard","has-post-thumbnail","hentry","category-minuto-a-minuto","category-zona-gris","tag-agresion-a-periodistas-oaxaca"],"jetpack_featured_media_url":"https:\/\/zonaroja.com.mx\/wp-content\/uploads\/2023\/02\/Grupos-delictivos-periodistas-Huajuapan.jpg","jetpack_sharing_enabled":true,"_links":{"self":[{"href":"https:\/\/zonaroja.com.mx\/index.php?rest_route=\/wp\/v2\/posts\/51520","targetHints":{"allow":["GET"]}}],"collection":[{"href":"https:\/\/zonaroja.com.mx\/index.php?rest_route=\/wp\/v2\/posts"}],"about":[{"href":"https:\/\/zonaroja.com.mx\/index.php?rest_route=\/wp\/v2\/types\/post"}],"author":[{"embeddable":true,"href":"https:\/\/zonaroja.com.mx\/index.php?rest_route=\/wp\/v2\/users\/2"}],"replies":[{"embeddable":true,"href":"https:\/\/zonaroja.com.mx\/index.php?rest_route=%2Fwp%2Fv2%2Fcomments&post=51520"}],"version-history":[{"count":2,"href":"https:\/\/zonaroja.com.mx\/index.php?rest_route=\/wp\/v2\/posts\/51520\/revisions"}],"predecessor-version":[{"id":51523,"href":"https:\/\/zonaroja.com.mx\/index.php?rest_route=\/wp\/v2\/posts\/51520\/revisions\/51523"}],"wp:featuredmedia":[{"embeddable":true,"href":"https:\/\/zonaroja.com.mx\/index.php?rest_route=\/wp\/v2\/media\/51517"}],"wp:attachment":[{"href":"https:\/\/zonaroja.com.mx\/index.php?rest_route=%2Fwp%2Fv2%2Fmedia&parent=51520"}],"wp:term":[{"taxonomy":"category","embeddable":true,"href":"https:\/\/zonaroja.com.mx\/index.php?rest_route=%2Fwp%2Fv2%2Fcategories&post=51520"},{"taxonomy":"post_tag","embeddable":true,"href":"https:\/\/zonaroja.com.mx\/index.php?rest_route=%2Fwp%2Fv2%2Ftags&post=51520"}],"curies":[{"name":"wp","href":"https:\/\/api.w.org\/{rel}","templated":true}]}}