{"id":51527,"date":"2023-02-11T10:54:00","date_gmt":"2023-02-11T16:54:00","guid":{"rendered":"http:\/\/www.zonaroja.com.mx\/?p=51527"},"modified":"2023-02-11T07:04:06","modified_gmt":"2023-02-11T13:04:06","slug":"destaca-titular-del-poder-judicial-en-podcast-acciones-de-justicia","status":"publish","type":"post","link":"https:\/\/zonaroja.com.mx\/?p=51527","title":{"rendered":"Destaca titular del Poder Judicial en \u201cPodcast\u201d acciones de justicia"},"content":{"rendered":"\n<p>Redacci\u00f3n\/Zona Roja.<\/p>\n\n\n\n<p>Oaxaca de Ju\u00e1rez, Oax., a 11 de febrero de 2023.- Para&nbsp;establecer un v\u00ednculo m\u00e1s cercano con la sociedad,&nbsp;promover la cultura de la legalidad y&nbsp;temas&nbsp;actuales&nbsp;sobre la administraci\u00f3n de la justicia, el Poder Judicial del Estado&nbsp;tiene a disposici\u00f3n&nbsp;de la ciudadan\u00eda&nbsp;en general&nbsp;el \u201cPodcast\u201d \u201cHablemos Justamente\u201d,&nbsp;que en una primera temporada a trav\u00e9s de 13 episodios aborda&nbsp;aspectos de inter\u00e9s como son&nbsp;los&nbsp;servicios, avances, metas y acciones&nbsp;de la instituci\u00f3n.&nbsp;<\/p>\n\n\n\n<p>La humanizaci\u00f3n de la justicia, la&nbsp;Reestructuraci\u00f3n de las Salas del Tribunal Superior de Justicia, el Desarrollo de la Maestr\u00eda en Derecho Judicial, Mediaci\u00f3n Escolar, testimonios sobre el servicio de Justiciatel.&nbsp;<\/p>\n\n\n\n<p>Las gu\u00edas judiciales para la conducci\u00f3n de audiencias en materia penal, la Justicia Laboral&nbsp;y las nuevas tecnolog\u00edas, son algunos de los contenidos que se pueden consultar.&nbsp;<\/p>\n\n\n\n<p>En&nbsp;su participaci\u00f3n en&nbsp;el \u201cPodcast\u201d \u201cHablemos Justamente\u201d, el magistrado&nbsp;presidente&nbsp;Eduardo Pinacho S\u00e1nchez,&nbsp;aborda&nbsp;la humanizaci\u00f3n de la justicia como&nbsp;uno de los&nbsp;ejes&nbsp;centrales&nbsp;de su administraci\u00f3n, resaltando la importancia y el papel de jueces, juezas, magistrados y magistradas dentro de un procedimiento judicial y la sensibilidad que deben tener para dictar una sentencia justa. &nbsp;<\/p>\n\n\n\n<p>De igual&nbsp;manera,&nbsp;da a conocer&nbsp;los avances en&nbsp;infraestructura tecnol\u00f3gica&nbsp;en el Tribunal Superior de Justicia y el Consejo de la Judicatura&nbsp;que&nbsp;ha contribuido a un sistema de justicia m\u00e1s eficiente&nbsp;y&nbsp;expedito,&nbsp;las&nbsp;notificaciones electr\u00f3nicas&nbsp;y la digitalizaci\u00f3n de expedientes&nbsp;para que&nbsp;las y&nbsp;los interesados&nbsp;puedan consultarlos&nbsp;en un dispositivo electr\u00f3nico sin necesidad de presentarse ante&nbsp;un juzgado.&nbsp;<\/p>\n\n\n\n<p>El \u201cPodcast\u201d \u201cHablemos Justamente\u201d,&nbsp;conducido por Yared Z\u00e1rate&nbsp;y producido en colaboraci\u00f3n con la Corporaci\u00f3n Oaxaque\u00f1a de Radio y Televisi\u00f3n&nbsp;(Cortv),&nbsp;se encuentra disponible en las redes sociales del Poder Judicial del Estado&nbsp;con enlace&nbsp;directo&nbsp;a&nbsp;Spotifyen&nbsp;la plataforma digital&nbsp;https:\/\/open.spotify.com\/show\/5dYwaeC9J1VaUgIOHceURx, y Souncloud&nbsp;en&nbsp;https:\/\/soundcloud.com\/hablemosjustamente.<\/p>\n","protected":false},"excerpt":{"rendered":"<p>Redacci\u00f3n\/Zona Roja. Oaxaca de Ju\u00e1rez, Oax., a 11 de febrero de 2023.- Para&nbsp;establecer un v\u00ednculo&hellip;<\/p>\n","protected":false},"author":2,"featured_media":24365,"comment_status":"closed","ping_status":"open","sticky":false,"template":"","format":"standard","meta":{"_lmt_disableupdate":"","_lmt_disable":"","_jetpack_memberships_contains_paid_content":false,"footnotes":""},"categories":[109,46],"tags":[223],"class_list":["post-51527","post","type-post","status-publish","format-standard","has-post-thumbnail","hentry","category-minuto-a-minuto","category-zona-blanca","tag-poder-judicial-de-oaxaca"],"jetpack_featured_media_url":"https:\/\/zonaroja.com.mx\/wp-content\/uploads\/2021\/03\/1-El-magistrado-Eduardo-Pinacho-Sanchez-hizo-un-balance-de-los-logros-en-el-Poder-Judicial.jpg","jetpack_sharing_enabled":true,"_links":{"self":[{"href":"https:\/\/zonaroja.com.mx\/index.php?rest_route=\/wp\/v2\/posts\/51527","targetHints":{"allow":["GET"]}}],"collection":[{"href":"https:\/\/zonaroja.com.mx\/index.php?rest_route=\/wp\/v2\/posts"}],"about":[{"href":"https:\/\/zonaroja.com.mx\/index.php?rest_route=\/wp\/v2\/types\/post"}],"author":[{"embeddable":true,"href":"https:\/\/zonaroja.com.mx\/index.php?rest_route=\/wp\/v2\/users\/2"}],"replies":[{"embeddable":true,"href":"https:\/\/zonaroja.com.mx\/index.php?rest_route=%2Fwp%2Fv2%2Fcomments&post=51527"}],"version-history":[{"count":1,"href":"https:\/\/zonaroja.com.mx\/index.php?rest_route=\/wp\/v2\/posts\/51527\/revisions"}],"predecessor-version":[{"id":51528,"href":"https:\/\/zonaroja.com.mx\/index.php?rest_route=\/wp\/v2\/posts\/51527\/revisions\/51528"}],"wp:featuredmedia":[{"embeddable":true,"href":"https:\/\/zonaroja.com.mx\/index.php?rest_route=\/wp\/v2\/media\/24365"}],"wp:attachment":[{"href":"https:\/\/zonaroja.com.mx\/index.php?rest_route=%2Fwp%2Fv2%2Fmedia&parent=51527"}],"wp:term":[{"taxonomy":"category","embeddable":true,"href":"https:\/\/zonaroja.com.mx\/index.php?rest_route=%2Fwp%2Fv2%2Fcategories&post=51527"},{"taxonomy":"post_tag","embeddable":true,"href":"https:\/\/zonaroja.com.mx\/index.php?rest_route=%2Fwp%2Fv2%2Ftags&post=51527"}],"curies":[{"name":"wp","href":"https:\/\/api.w.org\/{rel}","templated":true}]}}