{"id":51529,"date":"2023-02-11T10:04:00","date_gmt":"2023-02-11T16:04:00","guid":{"rendered":"http:\/\/www.zonaroja.com.mx\/?p=51529"},"modified":"2023-02-11T07:11:35","modified_gmt":"2023-02-11T13:11:35","slug":"pide-consorcio-oaxaca-esclarecer-situacion-juridica-del-fiscal-rodriguez-alamilla","status":"publish","type":"post","link":"https:\/\/zonaroja.com.mx\/?p=51529","title":{"rendered":"Pide Consorcio Oaxaca esclarecer situaci\u00f3n jur\u00eddica del fiscal Rodr\u00edguez Alamilla"},"content":{"rendered":"\n<p>Redacci\u00f3n\/Zona Roja.<\/p>\n\n\n\n<p>Oaxaca de Ju\u00e1rez, Oax., a 11 de febrero de 2023.- La asociaci\u00f3n civil Consorcio Oaxaca demand\u00f3 esclarecer la situaci\u00f3n jur\u00eddica del titular de la Fiscal\u00eda General del Estado, Bernardo Rodr\u00edguez Alamilla.<\/p>\n\n\n\n<p>Ello, al considerar que ostenta doble cargo p\u00fablico, pues el pleno del Congreso del Estado a\u00fan no le acepta la renuncia como presidente de la Defensor\u00eda de los Derechos Humanos del Pueblo de Oaxaca.<\/p>\n\n\n\n<p>En un comunicado, Consorcio detall\u00f3 que el pasado 7 de febrero, la Comisi\u00f3n Permanente de Derechos Humanos del Congreso emiti\u00f3 dictamen con propuesta de aceptaci\u00f3n de la renuncia de Bernardo&nbsp;Rodr\u00edguez&nbsp;Alamilla&nbsp;al cargo&nbsp;de titular de la DDHPO, sin embargo, dicha propuesta deber\u00e1 ser sometida a votaci\u00f3n del pleno del Congreso para confirmar o revocar las propuestas contenidas en el&nbsp;referido&nbsp;dictamen.<\/p>\n\n\n\n<p>#Mientras el Congreso en pleno no avale dicho dictamen, Bernardo Rodr\u00edguez Alamilla sigue ostentando el cargo de Defensor de los Derechos Humanos del Pueblo de Oaxaca.<\/p>\n\n\n\n<p>\u201cEste hecho podr\u00eda constituir el delito de Ejercicio Il\u00edcito de Servicio P\u00fablico conforme a lo dispuesto en el art\u00edculo 207, fracci\u00f3n III del C\u00f3digo Penal del Estado de Oaxaca\u201d, detall\u00f3.<\/p>\n\n\n\n<p>Por ello, desde Consorcio para el Di\u00e1logo Parlamentario y la Equidad Oaxaca,&nbsp;denunci\u00f3 p\u00fablicamente que Bernardo Rodr\u00edguez Alamilla, quien recientemente fue designado por el Congreso del Estado como titular de la Fiscal\u00eda, se encuentra incurriendo en faltas graves al servicio p\u00fablico&nbsp;por&nbsp;ostentar doble cargo&nbsp;p\u00fablico&nbsp;desde el pasado 25 de enero y hasta la fecha.&nbsp;<\/p>\n\n\n\n<p>Detall\u00f3 que, de acuerdo con el art\u00edculo 114, apartado A, p\u00e1rrafo cuarto, de la Constituci\u00f3n Pol\u00edtica del Estado Libre y Soberano de Oaxaca&nbsp;en relaci\u00f3n con&nbsp;el art\u00edculo 12 de la Ley org\u00e1nica de la Defensor\u00eda de los Derechos Humanos del Pueblo de Oaxaca, Bernardo Rodr\u00edguez Alamilla, como aun titular de la DDHPO, no puede desempe\u00f1ar otro cargo p\u00fablico a excepci\u00f3n de la docencia y la investigaci\u00f3n.&nbsp;<\/p>\n\n\n\n<p>\u201cAnte ello, condenamos tajantemente la simulaci\u00f3n que ha caracterizado&nbsp;la&nbsp;designaci\u00f3n del titular de la FGEO&nbsp;en el Congreso del Estado.&nbsp;Es indignante que&nbsp;se altere&nbsp;el proceso con la probable comisi\u00f3n de un delito al ostentar BernardoRodr\u00edguez Alamilla doble cargo&nbsp;p\u00fablico.<\/p>\n\n\n\n<p>\u201cDesde Consorcio Oaxaca&nbsp;ya hab\u00edamos alertado ante un posible madruguete en la FGEO, el cual finalmente se cumpli\u00f3. \u00a1La voz de las mujeres nuevamente ha sido ignorada en esta decisi\u00f3n tan importante!\u201d, indic\u00f3 en su comunicado.<\/p>\n\n\n\n<p>Exigi\u00f3 al Congreso del Estado&nbsp;revisar las violaciones graves al procedimiento que deslegitiman su hacer, al&nbsp;no cumplir con formalidades indispensables para su trabajo en la designaci\u00f3n de los \u00f3rganos aut\u00f3nomos.&nbsp;<\/p>\n","protected":false},"excerpt":{"rendered":"<p>Redacci\u00f3n\/Zona Roja. Oaxaca de Ju\u00e1rez, Oax., a 11 de febrero de 2023.- La asociaci\u00f3n civil&hellip;<\/p>\n","protected":false},"author":2,"featured_media":51530,"comment_status":"closed","ping_status":"open","sticky":false,"template":"","format":"standard","meta":{"_lmt_disableupdate":"","_lmt_disable":"","_jetpack_memberships_contains_paid_content":false,"footnotes":""},"categories":[109,47],"tags":[1262,548],"class_list":["post-51529","post","type-post","status-publish","format-standard","has-post-thumbnail","hentry","category-minuto-a-minuto","category-zona-gris","tag-bernardo-rodriguez-alamilla","tag-consorcio-oaxaca"],"jetpack_featured_media_url":"https:\/\/zonaroja.com.mx\/wp-content\/uploads\/2023\/02\/Consorcio-y-Bernardo-Rodriguez.jpeg","jetpack_sharing_enabled":true,"_links":{"self":[{"href":"https:\/\/zonaroja.com.mx\/index.php?rest_route=\/wp\/v2\/posts\/51529","targetHints":{"allow":["GET"]}}],"collection":[{"href":"https:\/\/zonaroja.com.mx\/index.php?rest_route=\/wp\/v2\/posts"}],"about":[{"href":"https:\/\/zonaroja.com.mx\/index.php?rest_route=\/wp\/v2\/types\/post"}],"author":[{"embeddable":true,"href":"https:\/\/zonaroja.com.mx\/index.php?rest_route=\/wp\/v2\/users\/2"}],"replies":[{"embeddable":true,"href":"https:\/\/zonaroja.com.mx\/index.php?rest_route=%2Fwp%2Fv2%2Fcomments&post=51529"}],"version-history":[{"count":1,"href":"https:\/\/zonaroja.com.mx\/index.php?rest_route=\/wp\/v2\/posts\/51529\/revisions"}],"predecessor-version":[{"id":51531,"href":"https:\/\/zonaroja.com.mx\/index.php?rest_route=\/wp\/v2\/posts\/51529\/revisions\/51531"}],"wp:featuredmedia":[{"embeddable":true,"href":"https:\/\/zonaroja.com.mx\/index.php?rest_route=\/wp\/v2\/media\/51530"}],"wp:attachment":[{"href":"https:\/\/zonaroja.com.mx\/index.php?rest_route=%2Fwp%2Fv2%2Fmedia&parent=51529"}],"wp:term":[{"taxonomy":"category","embeddable":true,"href":"https:\/\/zonaroja.com.mx\/index.php?rest_route=%2Fwp%2Fv2%2Fcategories&post=51529"},{"taxonomy":"post_tag","embeddable":true,"href":"https:\/\/zonaroja.com.mx\/index.php?rest_route=%2Fwp%2Fv2%2Ftags&post=51529"}],"curies":[{"name":"wp","href":"https:\/\/api.w.org\/{rel}","templated":true}]}}