{"id":51532,"date":"2023-02-11T09:13:00","date_gmt":"2023-02-11T15:13:00","guid":{"rendered":"http:\/\/www.zonaroja.com.mx\/?p=51532"},"modified":"2023-02-11T07:21:55","modified_gmt":"2023-02-11T13:21:55","slug":"detecta-arco-de-seguridad-de-santa-lucia-del-camino-otro-vehiculo-robado","status":"publish","type":"post","link":"https:\/\/zonaroja.com.mx\/?p=51532","title":{"rendered":"Detecta arco de seguridad de Santa Luc\u00eda del Camino otro veh\u00edculo robado"},"content":{"rendered":"\n<p>Redacci\u00f3n\/Zona Roja.<\/p>\n\n\n\n<p>Oaxaca de Ju\u00e1rez, Oax., a 11 de febrero de 2023.- El trabajo de inteligencia implementado en el municipio de Santa Luc\u00eda del Camino, sigue dando resultados para la inhibici\u00f3n de delitos, como el caso de la detecci\u00f3n de autom\u00f3viles con reporte de robo.<\/p>\n\n\n\n<p>En esta ocasi\u00f3n, en Arco de Seguridad \u201cNorte I\u201d, logr\u00f3 la detecci\u00f3n de un autom\u00f3vil marca Chevrolet, modelo Aveo, color rojo, el cual contaba con un reporte de robo activo.<\/p>\n\n\n\n<p>El Centro Control de Comunicaci\u00f3n y Comando (C4), alert\u00f3 a los elementos de seguridad de Santa Luc\u00eda del Camino sobre la presencia de dicho autom\u00f3vil, por lo que se le dio seguimiento sobre la avenida L\u00e1zaro C\u00e1rdenas, d\u00e1ndole alcance en la calle Carrizal esquina con Olivos de la colonia Bosque Sur.<\/p>\n\n\n\n<p>Ah\u00ed, se solicit\u00f3 al conductor descender de la unidad, identific\u00e1ndose como G. F. L. L. de 30 a\u00f1os de edad, quien asegur\u00f3 que dicho autom\u00f3vil estaba a nombre de su esposa identificada como M. S. G. H., datos que fueron confirmados por los polic\u00edas municipales.<\/p>\n\n\n\n<p>Sin embargo, al contar el autom\u00f3vil con un reporte de robo activo, se procedi\u00f3 a la detenci\u00f3n de G. F. L. L., y se asegur\u00f3 la unidad de motor para ser trasladada al encierro municipal; posteriormente, fueron puestos a disposici\u00f3n de la Fiscal\u00eda General del Estado de Oaxaca.<\/p>\n","protected":false},"excerpt":{"rendered":"<p>Redacci\u00f3n\/Zona Roja. Oaxaca de Ju\u00e1rez, Oax., a 11 de febrero de 2023.- El trabajo de&hellip;<\/p>\n","protected":false},"author":2,"featured_media":51534,"comment_status":"closed","ping_status":"open","sticky":false,"template":"","format":"standard","meta":{"_lmt_disableupdate":"","_lmt_disable":"","_jetpack_memberships_contains_paid_content":false,"footnotes":""},"categories":[109,46],"tags":[337],"class_list":["post-51532","post","type-post","status-publish","format-standard","has-post-thumbnail","hentry","category-minuto-a-minuto","category-zona-blanca","tag-santa-lucia-del-camino"],"jetpack_featured_media_url":"https:\/\/zonaroja.com.mx\/wp-content\/uploads\/2023\/02\/Vehiculo-robo-Santa-Lucia-del-Camino.jpg","jetpack_sharing_enabled":true,"_links":{"self":[{"href":"https:\/\/zonaroja.com.mx\/index.php?rest_route=\/wp\/v2\/posts\/51532","targetHints":{"allow":["GET"]}}],"collection":[{"href":"https:\/\/zonaroja.com.mx\/index.php?rest_route=\/wp\/v2\/posts"}],"about":[{"href":"https:\/\/zonaroja.com.mx\/index.php?rest_route=\/wp\/v2\/types\/post"}],"author":[{"embeddable":true,"href":"https:\/\/zonaroja.com.mx\/index.php?rest_route=\/wp\/v2\/users\/2"}],"replies":[{"embeddable":true,"href":"https:\/\/zonaroja.com.mx\/index.php?rest_route=%2Fwp%2Fv2%2Fcomments&post=51532"}],"version-history":[{"count":1,"href":"https:\/\/zonaroja.com.mx\/index.php?rest_route=\/wp\/v2\/posts\/51532\/revisions"}],"predecessor-version":[{"id":51535,"href":"https:\/\/zonaroja.com.mx\/index.php?rest_route=\/wp\/v2\/posts\/51532\/revisions\/51535"}],"wp:featuredmedia":[{"embeddable":true,"href":"https:\/\/zonaroja.com.mx\/index.php?rest_route=\/wp\/v2\/media\/51534"}],"wp:attachment":[{"href":"https:\/\/zonaroja.com.mx\/index.php?rest_route=%2Fwp%2Fv2%2Fmedia&parent=51532"}],"wp:term":[{"taxonomy":"category","embeddable":true,"href":"https:\/\/zonaroja.com.mx\/index.php?rest_route=%2Fwp%2Fv2%2Fcategories&post=51532"},{"taxonomy":"post_tag","embeddable":true,"href":"https:\/\/zonaroja.com.mx\/index.php?rest_route=%2Fwp%2Fv2%2Ftags&post=51532"}],"curies":[{"name":"wp","href":"https:\/\/api.w.org\/{rel}","templated":true}]}}