{"id":5154,"date":"2019-10-26T17:37:20","date_gmt":"2019-10-26T22:37:20","guid":{"rendered":"http:\/\/www.zonaroja.com.mx\/?p=5154"},"modified":"2019-10-26T17:46:04","modified_gmt":"2019-10-26T22:46:04","slug":"indolentes-autoridades-de-oaxaca-para-buscar-a-marino-bruno-avendano","status":"publish","type":"post","link":"https:\/\/zonaroja.com.mx\/?p=5154","title":{"rendered":"Indolentes, autoridades de Oaxaca para buscar a marino Bruno Avenda\u00f1o"},"content":{"rendered":"\n<p>Evlin Arag\u00f3n\/Zona Roja.<\/p>\n\n\n\n<p>Oaxaca de Ju\u00e1rez, Oax., 26 de octubre de\n2019.- El marino Bruno Alonso Avenda\u00f1o fue visto por \u00faltima vez el 10 de mayo\ndel 2018 en Santo Domingo Tehuantepec. Hace m\u00e1s de 500 d\u00edas que sus familiares\nbuscan dar con su paradero, sin que exista ning\u00fan tipo de rastro.<\/p>\n\n\n\n<p>De acuerdo con la familia del joven, no\ns\u00f3lo no existen avances en la investigaci\u00f3n; sino que pese a la existencia de\namparos, presi\u00f3n internacional y quejas ante la Comisi\u00f3n Nacional de Derechos\nHumanos (CNDH), las violaciones a las garant\u00edas tanto de \u00e9l como de su familia,\ncontin\u00faan.<\/p>\n\n\n\n<p>A la par que lamentaron que las personas desaparecidas no sean una prioridad para las autoridades estatales, como la Fiscal\u00eda General del Estado, y federales, como la Fiscal\u00eda General de la Rep\u00fablica, en un contexto en el que se calcula que en M\u00e9xico hay 40 mil personas en esa situaci\u00f3n y pese a los compromisos asumidos por el Presidente de la Rep\u00fablica, Andr\u00e9s Manuel L\u00f3pez Obrador<\/p>\n\n\n\n<p>\u201cSiento decirte esto, pero as\u00ed siguen\nlas cosas aqu\u00ed, siento desilusionarte dici\u00e9ndote que a\u00fan para la instituci\u00f3n\nque estuviste exponiendo tu vida \u2013Marina- sigue sin importarle lo que te est\u00e9\npasando. <\/p>\n\n\n\n<p>\u201cY bueno, del pa\u00eds ni que hablar, ese\nmismo pa\u00eds de quien recibiste la menci\u00f3n honor\u00edfica: buscarte, encontrarte,\nesclarecer lo que sucedi\u00f3 contigo ese 10 de mayo del 2018 no es una prioridad\u201d,\nle escribi\u00f3 recientemente Lukas Avenda\u00f1o a su hermano Bruno.<\/p>\n\n\n\n<p>Con lo anterior dejan en claro que pese\na las constantes manifestaciones y protestas no s\u00f3lo en Oaxaca, sino en la\nCiudad de M\u00e9xico y el extranjero, las autoridades no han dado siquiera\nrespuestas m\u00ednimas del caso, no existe si quiera una l\u00ednea de investigaci\u00f3n que\npermita seguir una ruta de b\u00fasqueda.<\/p>\n\n\n\n<p>El pasado 10 de mayo al cumplirse un a\u00f1o\nde la desaparici\u00f3n, la madre del joven, Felipa Mart\u00ednez, march\u00f3 en la capital\ndel pa\u00eds y asegur\u00f3 que ni las instancias estatales y federales han hecho nada\npara dar el paradero de su hijo, que recuerda sali\u00f3 s\u00f3lo por un momento y ya no\nregres\u00f3.<\/p>\n\n\n\n<p>\u201cMi hijo fue al banco para ver si ya\nten\u00eda su dep\u00f3sito, era la una y media de la tarde y ya no regreso, hemos\nrecorrido a todas las autoridades y no nos han resuelto nada\u201d, declar\u00f3 a los\nmedios de comunicaci\u00f3n<\/p>\n\n\n\n<p>Mientras que en un video producido hace\nun par de meses por la organizaci\u00f3n en defensa de los derechos humanos C\u00f3digo\nDH, Lukas Avenda\u00f1o lamenta la desidia de las autoridad para dar con el paradero\nde los m\u00e1s de 40 mil desparecidos en M\u00e9xico, por lo que tristemente se ve en\ndiez a\u00f1os tocando las puertas y esperando que las autoridades por fin hagan su\ntrabajo.<\/p>\n\n\n\n<p>Y es que ha sido \u00e9l, quien con sus\npropios recursos se ha dedicado desde hace m\u00e1s de un a\u00f1o a recorrer cada una de\nlas diversas instancias para encontrar respuestas sobre la desaparici\u00f3n de\nhermano, incluso se ha apoyado en el arte para evidenciar las deficiencias del\nsistema encargado de procurar e impartir justicia.<\/p>\n","protected":false},"excerpt":{"rendered":"<p>Evlin Arag\u00f3n\/Zona Roja. Oaxaca de Ju\u00e1rez, Oax., 26 de octubre de 2019.- El marino Bruno&hellip;<\/p>\n","protected":false},"author":2,"featured_media":5155,"comment_status":"closed","ping_status":"open","sticky":false,"template":"","format":"standard","meta":{"_lmt_disableupdate":"","_lmt_disable":"","_jetpack_memberships_contains_paid_content":false,"footnotes":""},"categories":[109,51],"tags":[920,921],"class_list":["post-5154","post","type-post","status-publish","format-standard","has-post-thumbnail","hentry","category-minuto-a-minuto","category-zona-roja","tag-bruno-alonso-avendano","tag-lukas-avendano"],"jetpack_featured_media_url":"https:\/\/zonaroja.com.mx\/wp-content\/uploads\/2019\/10\/Image-1-39.png","jetpack_sharing_enabled":true,"_links":{"self":[{"href":"https:\/\/zonaroja.com.mx\/index.php?rest_route=\/wp\/v2\/posts\/5154","targetHints":{"allow":["GET"]}}],"collection":[{"href":"https:\/\/zonaroja.com.mx\/index.php?rest_route=\/wp\/v2\/posts"}],"about":[{"href":"https:\/\/zonaroja.com.mx\/index.php?rest_route=\/wp\/v2\/types\/post"}],"author":[{"embeddable":true,"href":"https:\/\/zonaroja.com.mx\/index.php?rest_route=\/wp\/v2\/users\/2"}],"replies":[{"embeddable":true,"href":"https:\/\/zonaroja.com.mx\/index.php?rest_route=%2Fwp%2Fv2%2Fcomments&post=5154"}],"version-history":[{"count":2,"href":"https:\/\/zonaroja.com.mx\/index.php?rest_route=\/wp\/v2\/posts\/5154\/revisions"}],"predecessor-version":[{"id":5157,"href":"https:\/\/zonaroja.com.mx\/index.php?rest_route=\/wp\/v2\/posts\/5154\/revisions\/5157"}],"wp:featuredmedia":[{"embeddable":true,"href":"https:\/\/zonaroja.com.mx\/index.php?rest_route=\/wp\/v2\/media\/5155"}],"wp:attachment":[{"href":"https:\/\/zonaroja.com.mx\/index.php?rest_route=%2Fwp%2Fv2%2Fmedia&parent=5154"}],"wp:term":[{"taxonomy":"category","embeddable":true,"href":"https:\/\/zonaroja.com.mx\/index.php?rest_route=%2Fwp%2Fv2%2Fcategories&post=5154"},{"taxonomy":"post_tag","embeddable":true,"href":"https:\/\/zonaroja.com.mx\/index.php?rest_route=%2Fwp%2Fv2%2Ftags&post=5154"}],"curies":[{"name":"wp","href":"https:\/\/api.w.org\/{rel}","templated":true}]}}