{"id":51540,"date":"2023-02-11T07:36:41","date_gmt":"2023-02-11T13:36:41","guid":{"rendered":"http:\/\/www.zonaroja.com.mx\/?p=51540"},"modified":"2023-02-11T07:36:42","modified_gmt":"2023-02-11T13:36:42","slug":"inaugura-titular-de-sinfrac-obras-de-infraestructura-en-instituto-tecnologico","status":"publish","type":"post","link":"https:\/\/zonaroja.com.mx\/?p=51540","title":{"rendered":"Inaugura titular de Sinfrac obras de infraestructura en Instituto Tecnol\u00f3gico"},"content":{"rendered":"\n<p>Redacci\u00f3n\/Zona Roja.<\/p>\n\n\n\n<p>Oaxaca de Ju\u00e1rez, Oax., a 11 de febrero de 2023.- Con la representaci\u00f3n del Gobernador del Estado, Salom\u00f3n Jara Cruz, el titular de la Secretar\u00eda de las Infraestructuras y Comunicaciones (Sinfrac), Netzahualc\u00f3yotl Salvatierra L\u00f3pez, inaugur\u00f3 obras de mejoramiento en las instalaciones del Instituto Tecnol\u00f3gico de Oaxaca (ITO).<\/p>\n\n\n\n<p>Junto al director general del Tecnol\u00f3gico Nacional de M\u00e9xico, Ram\u00f3n Jim\u00e9nez L\u00f3pez; del director del ITO, Fernando Toledo Toledo y el titular del Instituto Oaxaque\u00f1o Constructor de Infraestructura Educativa (Iocied), Alejandro L\u00f3pez Jarqu\u00edn, el funcionario inaugur\u00f3 los edificios que albergar\u00e1n la unidad multifuncional de talleres y laboratorios de Ingenier\u00eda Qu\u00edmica, del Centro Certificador de Ingenier\u00eda Mec\u00e1nica y la Unidad de Posgrado.<\/p>\n\n\n\n<p>Los trabajos tuvieron una inversi\u00f3n superior a los 58 millones de pesos provenientes del programa federal del Fondo de Aportaciones M\u00faltiples (FAM) y contribuyen a la formaci\u00f3n acad\u00e9mica de las y los j\u00f3venes que cursan su formaci\u00f3n profesional en esta instituci\u00f3n educativa ic\u00f3nica de la entidad.<\/p>\n\n\n\n<p>El Centro Certificador de Ingenier\u00eda Mec\u00e1nica tiene la particularidad de contar con la orientaci\u00f3n de formar profesionales que fortalezcan y respondan a las necesidades del Corredor Interoce\u00e1nico del Istmo de Tehuantepec (CIIT), proyecto que permitir\u00e1 al estado entrar en la econom\u00eda nacional y mundial.<\/p>\n\n\n\n<p>El Secretario de Infraestructuras y Comunicaciones destac\u00f3 la gran oportunidad que tienen las y los estudiantes con estos espacios que est\u00e1n alineados a un proyecto nacional y estrat\u00e9gico como lo es el CIIT, el cual es estrat\u00e9gico para el desarrollo de Oaxaca.<\/p>\n","protected":false},"excerpt":{"rendered":"<p>Redacci\u00f3n\/Zona Roja. Oaxaca de Ju\u00e1rez, Oax., a 11 de febrero de 2023.- Con la representaci\u00f3n&hellip;<\/p>\n","protected":false},"author":2,"featured_media":51533,"comment_status":"closed","ping_status":"open","sticky":false,"template":"","format":"standard","meta":{"_lmt_disableupdate":"","_lmt_disable":"","_jetpack_memberships_contains_paid_content":false,"footnotes":""},"categories":[109,46],"tags":[3398,3385],"class_list":["post-51540","post","type-post","status-publish","format-standard","has-post-thumbnail","hentry","category-minuto-a-minuto","category-zona-blanca","tag-netzahualcoyotl-salvatierra-lopez","tag-secretaria-de-infraestructura-y-comunicaciones-sinfra"],"jetpack_featured_media_url":"https:\/\/zonaroja.com.mx\/wp-content\/uploads\/2023\/02\/Sinfra-Netzahualcoyotl-Salvatierra.jpeg","jetpack_sharing_enabled":true,"_links":{"self":[{"href":"https:\/\/zonaroja.com.mx\/index.php?rest_route=\/wp\/v2\/posts\/51540","targetHints":{"allow":["GET"]}}],"collection":[{"href":"https:\/\/zonaroja.com.mx\/index.php?rest_route=\/wp\/v2\/posts"}],"about":[{"href":"https:\/\/zonaroja.com.mx\/index.php?rest_route=\/wp\/v2\/types\/post"}],"author":[{"embeddable":true,"href":"https:\/\/zonaroja.com.mx\/index.php?rest_route=\/wp\/v2\/users\/2"}],"replies":[{"embeddable":true,"href":"https:\/\/zonaroja.com.mx\/index.php?rest_route=%2Fwp%2Fv2%2Fcomments&post=51540"}],"version-history":[{"count":1,"href":"https:\/\/zonaroja.com.mx\/index.php?rest_route=\/wp\/v2\/posts\/51540\/revisions"}],"predecessor-version":[{"id":51541,"href":"https:\/\/zonaroja.com.mx\/index.php?rest_route=\/wp\/v2\/posts\/51540\/revisions\/51541"}],"wp:featuredmedia":[{"embeddable":true,"href":"https:\/\/zonaroja.com.mx\/index.php?rest_route=\/wp\/v2\/media\/51533"}],"wp:attachment":[{"href":"https:\/\/zonaroja.com.mx\/index.php?rest_route=%2Fwp%2Fv2%2Fmedia&parent=51540"}],"wp:term":[{"taxonomy":"category","embeddable":true,"href":"https:\/\/zonaroja.com.mx\/index.php?rest_route=%2Fwp%2Fv2%2Fcategories&post=51540"},{"taxonomy":"post_tag","embeddable":true,"href":"https:\/\/zonaroja.com.mx\/index.php?rest_route=%2Fwp%2Fv2%2Ftags&post=51540"}],"curies":[{"name":"wp","href":"https:\/\/api.w.org\/{rel}","templated":true}]}}