{"id":51547,"date":"2023-02-11T08:09:23","date_gmt":"2023-02-11T14:09:23","guid":{"rendered":"http:\/\/www.zonaroja.com.mx\/?p=51547"},"modified":"2023-02-11T08:09:24","modified_gmt":"2023-02-11T14:09:24","slug":"conmemoran-centenario-de-la-constitucion-politica-de-1922","status":"publish","type":"post","link":"https:\/\/zonaroja.com.mx\/?p=51547","title":{"rendered":"Conmemoran Centenario de la Constituci\u00f3n Pol\u00edtica de 1922"},"content":{"rendered":"\n<p>Redacci\u00f3n\/Zona Roja.<\/p>\n\n\n\n<p>Oaxaca de Ju\u00e1rez, Oax., a 11 de febrero de 2023.- Diputados de la 65 Legislatura recibieron a los autores de la obra conmemorativa \u201cCentenario de la Constituci\u00f3n Pol\u00edtica de 1922\u201d, la cual destaca las aportaciones del Congreso de Oaxaca a la Carta Magna en materia de derechos a los pueblos y comunidades ind\u00edgenas y afrodescendientes.<\/p>\n\n\n\n<p>El legislador Luis Alfonso Silva Romo, como presidente de la Junta de Coordinaci\u00f3n Pol\u00edtica (Jucopo), dio la bienvenida a todas y todos los asistentes agradeciendo la presencia de las diputadas Mariana Ben\u00edtez Tiburcio y Luisa Cort\u00e9s Garc\u00eda, presidentas de las Comisiones Permanentes de Mujeres e Igualdad de G\u00e9nero y Estudios Constitucionales respectivamente.<\/p>\n\n\n\n<p>As\u00ed como a los coautores de la obra, el doctor Ra\u00fal \u00c1vila Ortiz e Isidoro Yescas Mart\u00ednez, adem\u00e1s del magistrado presidente Eduardo Pinacho S\u00e1nchez y el titular de la Consejer\u00eda Jur\u00eddica, Geovany V\u00e1squez Sagrero.&nbsp;<\/p>\n\n\n\n<p>De acuerdo con el doctor Ra\u00fal \u00c1vila Ortiz, esta obra se divide en cinco etapas que comprenden de 1922 a 1940, 1941 a 1980, 1981 a 2010 y dos etapas de alternancia de 2010 a 2016 y de 2016 a 2022.&nbsp;<\/p>\n\n\n\n<p>Por su parte, el diputado Luis Alfonso Silva Romo extern\u00f3, \u201choy estamos presentando esta obra que incluye diversos ensayos que estudian la Constituci\u00f3n como un documento hist\u00f3rico, eminentemente jur\u00eddico y sociol\u00f3gico, es por ello que hoy estamos de fiesta. Desde la Junta de Coordinaci\u00f3n Pol\u00edtica vamos a hacer lo posible para que se reedite y sea de acceso para todas y todos los oaxaque\u00f1os\u201d.<\/p>\n\n\n\n<p>Durante su intervenci\u00f3n, la diputada Mariana Ben\u00edtez Tiburcio coment\u00f3 que la obra surgi\u00f3 por el inter\u00e9s de conmemorar al Congreso y a la 65 Legislatura as\u00ed como para asentar un precedente hist\u00f3rico sobre los cambios por los que ha atravesado Oaxaca y M\u00e9xico.<\/p>\n\n\n\n<p>\u201cMe da mucho gusto que fueron letras de acad\u00e9micos y acad\u00e9micas del estado, y tambi\u00e9n del pa\u00eds, quienes contribuyeron a realizar un an\u00e1lisis interesante mediante el cual se cre\u00f3 esta constituci\u00f3n y todas las&nbsp;&nbsp;transformaciones que ha&nbsp;&nbsp;tenido en diferentes periodos y analizando cada momento hist\u00f3rico\u201d, coment\u00f3 la legisladora.&nbsp;<\/p>\n\n\n\n<p>La presidenta de la Comisi\u00f3n Permanente de Estudios Constitucionales, Luisa Cort\u00e9s Garc\u00eda, dijo que \u201cla Constituci\u00f3n Pol\u00edtica del Estado de Oaxaca es producto de diversas transformaciones sociales, obtenidas a trav\u00e9s de luchas en las que se han defendido diferentes ideales, no solo en Oaxaca sino en todo el pa\u00eds. Sucesos hist\u00f3ricos en los que grandes oaxaque\u00f1os y oaxaque\u00f1as han tenido participaci\u00f3n\u201d.<\/p>\n\n\n\n<p>Al evento tambi\u00e9n asistieron las diputadas Nancy Ben\u00edtez Z\u00e1rate, Liz Hern\u00e1ndez Matus, Eva Diego Cruz, Natividad D\u00edaz Jim\u00e9nez, Reyna Victoria Jim\u00e9nez Cervantes y Gabriela P\u00e9rez L\u00f3pez, as\u00ed como los legisladores Eduardo Rojas Zavaleta, Samuel Gurri\u00f3n Mat\u00edas y C\u00e9sar David Mateos.<\/p>\n","protected":false},"excerpt":{"rendered":"<p>Redacci\u00f3n\/Zona Roja. Oaxaca de Ju\u00e1rez, Oax., a 11 de febrero de 2023.- Diputados de la&hellip;<\/p>\n","protected":false},"author":2,"featured_media":51544,"comment_status":"closed","ping_status":"open","sticky":false,"template":"","format":"standard","meta":{"_lmt_disableupdate":"","_lmt_disable":"","_jetpack_memberships_contains_paid_content":false,"footnotes":""},"categories":[109,46],"tags":[2743,2721],"class_list":["post-51547","post","type-post","status-publish","format-standard","has-post-thumbnail","hentry","category-minuto-a-minuto","category-zona-blanca","tag-65-legislatura-del-estado-de-oaxaca","tag-luis-alfonso-silva-romo"],"jetpack_featured_media_url":"https:\/\/zonaroja.com.mx\/wp-content\/uploads\/2023\/02\/Constitucion-Congreso-Silva.jpg","jetpack_sharing_enabled":true,"_links":{"self":[{"href":"https:\/\/zonaroja.com.mx\/index.php?rest_route=\/wp\/v2\/posts\/51547","targetHints":{"allow":["GET"]}}],"collection":[{"href":"https:\/\/zonaroja.com.mx\/index.php?rest_route=\/wp\/v2\/posts"}],"about":[{"href":"https:\/\/zonaroja.com.mx\/index.php?rest_route=\/wp\/v2\/types\/post"}],"author":[{"embeddable":true,"href":"https:\/\/zonaroja.com.mx\/index.php?rest_route=\/wp\/v2\/users\/2"}],"replies":[{"embeddable":true,"href":"https:\/\/zonaroja.com.mx\/index.php?rest_route=%2Fwp%2Fv2%2Fcomments&post=51547"}],"version-history":[{"count":1,"href":"https:\/\/zonaroja.com.mx\/index.php?rest_route=\/wp\/v2\/posts\/51547\/revisions"}],"predecessor-version":[{"id":51548,"href":"https:\/\/zonaroja.com.mx\/index.php?rest_route=\/wp\/v2\/posts\/51547\/revisions\/51548"}],"wp:featuredmedia":[{"embeddable":true,"href":"https:\/\/zonaroja.com.mx\/index.php?rest_route=\/wp\/v2\/media\/51544"}],"wp:attachment":[{"href":"https:\/\/zonaroja.com.mx\/index.php?rest_route=%2Fwp%2Fv2%2Fmedia&parent=51547"}],"wp:term":[{"taxonomy":"category","embeddable":true,"href":"https:\/\/zonaroja.com.mx\/index.php?rest_route=%2Fwp%2Fv2%2Fcategories&post=51547"},{"taxonomy":"post_tag","embeddable":true,"href":"https:\/\/zonaroja.com.mx\/index.php?rest_route=%2Fwp%2Fv2%2Ftags&post=51547"}],"curies":[{"name":"wp","href":"https:\/\/api.w.org\/{rel}","templated":true}]}}